{"id":3811,"date":"2024-05-12T17:07:52","date_gmt":"2024-05-12T16:07:52","guid":{"rendered":"https:\/\/urbex-datenbank.ch\/urbex\/?p=3811"},"modified":"2025-01-01T16:15:58","modified_gmt":"2025-01-01T15:15:58","slug":"freibad-st-moritz","status":"publish","type":"post","link":"https:\/\/urbex-datenbank.ch\/urbex\/2024\/05\/12\/freibad-st-moritz\/","title":{"rendered":"Freibad St. Moritz"},"content":{"rendered":"\n<p>Via Johannes Badrutt, St. Moritz, Graub\u00fcnden<\/p>\n\n\n\n<p>46.500558 9.848659<\/p>\n\n\n\n<p><a href=\"https:\/\/maps.app.goo.gl\/oTRAzp3buY3AXgYb8\">https:\/\/maps.app.goo.gl\/oTRAzp3buY3AXgYb8<\/a><\/p>\n\n\n\n<p><\/p>\n\n\n\n<p><\/p>\n","protected":false},"excerpt":{"rendered":"<p>Via Johannes Badrutt, St. Moritz, Graub\u00fcnden 46.500558 9.848659 https:\/\/maps.app.goo.gl\/oTRAzp3buY3AXgYb8<\/p>\n","protected":false},"author":2,"featured_media":3813,"comment_status":"open","ping_status":"open","sticky":false,"template":"","format":"standard","meta":{"jetpack_post_was_ever_published":false,"_jetpack_newsletter_access":"","_jetpack_dont_email_post_to_subs":false,"_jetpack_newsletter_tier_id":0,"_jetpack_memberships_contains_paywalled_content":false,"_jetpack_memberships_contains_paid_content":false,"footnotes":"","jetpack_publicize_message":"","jetpack_publicize_feature_enabled":true,"jetpack_social_post_already_shared":true,"jetpack_social_options":{"image_generator_settings":{"template":"highway","default_image_id":0,"font":"","enabled":false},"version":2}},"categories":[4],"tags":[111,112,173,174,175,177,210,180,181,184],"class_list":["post-3811","post","type-post","status-publish","format-standard","has-post-thumbnail","hentry","category-blog-schweiz","tag-lost-place","tag-lost-places","tag-urban-decay","tag-urban-exploration","tag-urban-explorer","tag-urbex","tag-urbex-datenbank","tag-verlassen","tag-verlassene-gebaeude","tag-verlassene-orte"],"jetpack_publicize_connections":[],"jetpack_featured_media_url":"https:\/\/i0.wp.com\/urbex-datenbank.ch\/urbex\/wp-content\/uploads\/2024\/05\/IMG-20240512-WA0023_1.jpg?fit=2048%2C1365&ssl=1","jetpack_sharing_enabled":true,"jetpack_shortlink":"https:\/\/wp.me\/paAVVs-Zt","jetpack-related-posts":[{"id":1544,"url":"https:\/\/urbex-datenbank.ch\/urbex\/2018\/12\/18\/haus-altstaetten\/","url_meta":{"origin":3811,"position":0},"title":"Haus Altst\u00e4tten","author":"Admin","date":"Dezember 18, 2018","format":false,"excerpt":"Br\u00fcggliweg 5, 9450 Altst\u00e4tten, St. Gallen","rel":"","context":"In &quot;Blog Schweiz&quot;","block_context":{"text":"Blog Schweiz","link":"https:\/\/urbex-datenbank.ch\/urbex\/category\/blog-schweiz\/"},"img":{"alt_text":"","src":"https:\/\/i0.wp.com\/urbex-datenbank.ch\/urbex\/wp-content\/uploads\/2018\/12\/IMG_20181215_114133.jpg?fit=1200%2C675&ssl=1&resize=350%2C200","width":350,"height":200,"srcset":"https:\/\/i0.wp.com\/urbex-datenbank.ch\/urbex\/wp-content\/uploads\/2018\/12\/IMG_20181215_114133.jpg?fit=1200%2C675&ssl=1&resize=350%2C200 1x, https:\/\/i0.wp.com\/urbex-datenbank.ch\/urbex\/wp-content\/uploads\/2018\/12\/IMG_20181215_114133.jpg?fit=1200%2C675&ssl=1&resize=525%2C300 1.5x, https:\/\/i0.wp.com\/urbex-datenbank.ch\/urbex\/wp-content\/uploads\/2018\/12\/IMG_20181215_114133.jpg?fit=1200%2C675&ssl=1&resize=700%2C400 2x, https:\/\/i0.wp.com\/urbex-datenbank.ch\/urbex\/wp-content\/uploads\/2018\/12\/IMG_20181215_114133.jpg?fit=1200%2C675&ssl=1&resize=1050%2C600 3x"},"classes":[]},{"id":2264,"url":"https:\/\/urbex-datenbank.ch\/urbex\/2019\/10\/20\/fabrik-sargans\/","url_meta":{"origin":3811,"position":1},"title":"Fabrik Sargans","author":"Admin","date":"Oktober 20, 2019","format":false,"excerpt":"Kreuzung Bergwerkweg und St. Gallerstrasse, 7320 Sargans, St. Gallen 47.052581,9.445531","rel":"","context":"In &quot;Blog Schweiz&quot;","block_context":{"text":"Blog Schweiz","link":"https:\/\/urbex-datenbank.ch\/urbex\/category\/blog-schweiz\/"},"img":{"alt_text":"","src":"https:\/\/i0.wp.com\/urbex-datenbank.ch\/urbex\/wp-content\/uploads\/2019\/10\/IMG_20191020_175935_415_1.jpg?fit=1080%2C607&ssl=1&resize=350%2C200","width":350,"height":200,"srcset":"https:\/\/i0.wp.com\/urbex-datenbank.ch\/urbex\/wp-content\/uploads\/2019\/10\/IMG_20191020_175935_415_1.jpg?fit=1080%2C607&ssl=1&resize=350%2C200 1x, https:\/\/i0.wp.com\/urbex-datenbank.ch\/urbex\/wp-content\/uploads\/2019\/10\/IMG_20191020_175935_415_1.jpg?fit=1080%2C607&ssl=1&resize=525%2C300 1.5x, https:\/\/i0.wp.com\/urbex-datenbank.ch\/urbex\/wp-content\/uploads\/2019\/10\/IMG_20191020_175935_415_1.jpg?fit=1080%2C607&ssl=1&resize=700%2C400 2x, https:\/\/i0.wp.com\/urbex-datenbank.ch\/urbex\/wp-content\/uploads\/2019\/10\/IMG_20191020_175935_415_1.jpg?fit=1080%2C607&ssl=1&resize=1050%2C600 3x"},"classes":[]},{"id":1473,"url":"https:\/\/urbex-datenbank.ch\/urbex\/2018\/12\/12\/haus-mit-gewaechshaus-altstaetten\/","url_meta":{"origin":3811,"position":2},"title":"Haus mit Gew\u00e4chshaus Altst\u00e4tten","author":"Admin","date":"Dezember 12, 2018","format":false,"excerpt":"Oberrieterstrasse 9, 9450 Altst\u00e4tten, St. Gallen Stand 7.7.19 abgerissen","rel":"","context":"In &quot;Blog Schweiz&quot;","block_context":{"text":"Blog Schweiz","link":"https:\/\/urbex-datenbank.ch\/urbex\/category\/blog-schweiz\/"},"img":{"alt_text":"","src":"https:\/\/i0.wp.com\/urbex-datenbank.ch\/urbex\/wp-content\/uploads\/2018\/12\/Haus-mit-Gew%C3%A4chshaus-Altst%C3%A4tten.jpg?fit=1014%2C571&ssl=1&resize=350%2C200","width":350,"height":200,"srcset":"https:\/\/i0.wp.com\/urbex-datenbank.ch\/urbex\/wp-content\/uploads\/2018\/12\/Haus-mit-Gew%C3%A4chshaus-Altst%C3%A4tten.jpg?fit=1014%2C571&ssl=1&resize=350%2C200 1x, https:\/\/i0.wp.com\/urbex-datenbank.ch\/urbex\/wp-content\/uploads\/2018\/12\/Haus-mit-Gew%C3%A4chshaus-Altst%C3%A4tten.jpg?fit=1014%2C571&ssl=1&resize=525%2C300 1.5x, https:\/\/i0.wp.com\/urbex-datenbank.ch\/urbex\/wp-content\/uploads\/2018\/12\/Haus-mit-Gew%C3%A4chshaus-Altst%C3%A4tten.jpg?fit=1014%2C571&ssl=1&resize=700%2C400 2x"},"classes":[]},{"id":1694,"url":"https:\/\/urbex-datenbank.ch\/urbex\/2019\/02\/18\/alte-faerberei-henau-bruebach\/","url_meta":{"origin":3811,"position":3},"title":"Alte F\u00e4rberei Henau\/ Br\u00fcbach","author":"Admin","date":"Februar 18, 2019","format":false,"excerpt":"Felseggstrasse 61, 9247 Utzwil, St. Gallen","rel":"","context":"In &quot;Blog Schweiz&quot;","block_context":{"text":"Blog Schweiz","link":"https:\/\/urbex-datenbank.ch\/urbex\/category\/blog-schweiz\/"},"img":{"alt_text":"","src":"https:\/\/i0.wp.com\/urbex-datenbank.ch\/urbex\/wp-content\/uploads\/2019\/02\/Alte-F%C3%A4rberei-Henau_Br%C3%BCbach.jpg?fit=1200%2C675&ssl=1&resize=350%2C200","width":350,"height":200,"srcset":"https:\/\/i0.wp.com\/urbex-datenbank.ch\/urbex\/wp-content\/uploads\/2019\/02\/Alte-F%C3%A4rberei-Henau_Br%C3%BCbach.jpg?fit=1200%2C675&ssl=1&resize=350%2C200 1x, https:\/\/i0.wp.com\/urbex-datenbank.ch\/urbex\/wp-content\/uploads\/2019\/02\/Alte-F%C3%A4rberei-Henau_Br%C3%BCbach.jpg?fit=1200%2C675&ssl=1&resize=525%2C300 1.5x, https:\/\/i0.wp.com\/urbex-datenbank.ch\/urbex\/wp-content\/uploads\/2019\/02\/Alte-F%C3%A4rberei-Henau_Br%C3%BCbach.jpg?fit=1200%2C675&ssl=1&resize=700%2C400 2x, https:\/\/i0.wp.com\/urbex-datenbank.ch\/urbex\/wp-content\/uploads\/2019\/02\/Alte-F%C3%A4rberei-Henau_Br%C3%BCbach.jpg?fit=1200%2C675&ssl=1&resize=1050%2C600 3x"},"classes":[]},{"id":2077,"url":"https:\/\/urbex-datenbank.ch\/urbex\/2019\/08\/08\/firmengebaeude-und-wohnhaus-st-margrethen\/","url_meta":{"origin":3811,"position":4},"title":"Firmengeb\u00e4ude und Wohnhaus St. Margrethen","author":"Admin","date":"August 8, 2019","format":false,"excerpt":"Hauptstrasse 61, 9430 St. Margrethen, St. Gallen Stand 22.9.20 im Abriss","rel":"","context":"In &quot;Blog Schweiz&quot;","block_context":{"text":"Blog Schweiz","link":"https:\/\/urbex-datenbank.ch\/urbex\/category\/blog-schweiz\/"},"img":{"alt_text":"","src":"https:\/\/i0.wp.com\/urbex-datenbank.ch\/urbex\/wp-content\/uploads\/2019\/08\/Screenshot_20190808_232054.jpg?fit=1080%2C580&ssl=1&resize=350%2C200","width":350,"height":200,"srcset":"https:\/\/i0.wp.com\/urbex-datenbank.ch\/urbex\/wp-content\/uploads\/2019\/08\/Screenshot_20190808_232054.jpg?fit=1080%2C580&ssl=1&resize=350%2C200 1x, https:\/\/i0.wp.com\/urbex-datenbank.ch\/urbex\/wp-content\/uploads\/2019\/08\/Screenshot_20190808_232054.jpg?fit=1080%2C580&ssl=1&resize=525%2C300 1.5x, https:\/\/i0.wp.com\/urbex-datenbank.ch\/urbex\/wp-content\/uploads\/2019\/08\/Screenshot_20190808_232054.jpg?fit=1080%2C580&ssl=1&resize=700%2C400 2x, https:\/\/i0.wp.com\/urbex-datenbank.ch\/urbex\/wp-content\/uploads\/2019\/08\/Screenshot_20190808_232054.jpg?fit=1080%2C580&ssl=1&resize=1050%2C600 3x"},"classes":[]},{"id":1838,"url":"https:\/\/urbex-datenbank.ch\/urbex\/2019\/04\/06\/villa-st-winterthur\/","url_meta":{"origin":3811,"position":5},"title":"Villa St. Winterthur","author":"Admin","date":"April 6, 2019","format":false,"excerpt":"B\u00e4umliweg\/Kurlistrasse, 8404 Winterthur, Z\u00fcrich Stand 27.2.21 abgerissen","rel":"","context":"In &quot;Blog Schweiz&quot;","block_context":{"text":"Blog Schweiz","link":"https:\/\/urbex-datenbank.ch\/urbex\/category\/blog-schweiz\/"},"img":{"alt_text":"","src":"https:\/\/i0.wp.com\/urbex-datenbank.ch\/urbex\/wp-content\/uploads\/2019\/04\/IMG_20190406_14534301.jpg?fit=1200%2C675&ssl=1&resize=350%2C200","width":350,"height":200,"srcset":"https:\/\/i0.wp.com\/urbex-datenbank.ch\/urbex\/wp-content\/uploads\/2019\/04\/IMG_20190406_14534301.jpg?fit=1200%2C675&ssl=1&resize=350%2C200 1x, https:\/\/i0.wp.com\/urbex-datenbank.ch\/urbex\/wp-content\/uploads\/2019\/04\/IMG_20190406_14534301.jpg?fit=1200%2C675&ssl=1&resize=525%2C300 1.5x, https:\/\/i0.wp.com\/urbex-datenbank.ch\/urbex\/wp-content\/uploads\/2019\/04\/IMG_20190406_14534301.jpg?fit=1200%2C675&ssl=1&resize=700%2C400 2x, https:\/\/i0.wp.com\/urbex-datenbank.ch\/urbex\/wp-content\/uploads\/2019\/04\/IMG_20190406_14534301.jpg?fit=1200%2C675&ssl=1&resize=1050%2C600 3x"},"classes":[]}],"_links":{"self":[{"href":"https:\/\/urbex-datenbank.ch\/urbex\/wp-json\/wp\/v2\/posts\/3811","targetHints":{"allow":["GET"]}}],"collection":[{"href":"https:\/\/urbex-datenbank.ch\/urbex\/wp-json\/wp\/v2\/posts"}],"about":[{"href":"https:\/\/urbex-datenbank.ch\/urbex\/wp-json\/wp\/v2\/types\/post"}],"author":[{"embeddable":true,"href":"https:\/\/urbex-datenbank.ch\/urbex\/wp-json\/wp\/v2\/users\/2"}],"replies":[{"embeddable":true,"href":"https:\/\/urbex-datenbank.ch\/urbex\/wp-json\/wp\/v2\/comments?post=3811"}],"version-history":[{"count":3,"href":"https:\/\/urbex-datenbank.ch\/urbex\/wp-json\/wp\/v2\/posts\/3811\/revisions"}],"predecessor-version":[{"id":3903,"href":"https:\/\/urbex-datenbank.ch\/urbex\/wp-json\/wp\/v2\/posts\/3811\/revisions\/3903"}],"wp:featuredmedia":[{"embeddable":true,"href":"https:\/\/urbex-datenbank.ch\/urbex\/wp-json\/wp\/v2\/media\/3813"}],"wp:attachment":[{"href":"https:\/\/urbex-datenbank.ch\/urbex\/wp-json\/wp\/v2\/media?parent=3811"}],"wp:term":[{"taxonomy":"category","embeddable":true,"href":"https:\/\/urbex-datenbank.ch\/urbex\/wp-json\/wp\/v2\/categories?post=3811"},{"taxonomy":"post_tag","embeddable":true,"href":"https:\/\/urbex-datenbank.ch\/urbex\/wp-json\/wp\/v2\/tags?post=3811"}],"curies":[{"name":"wp","href":"https:\/\/api.w.org\/{rel}","templated":true}]}}