{"id":3038,"date":"2021-01-01T01:10:00","date_gmt":"2021-01-01T00:10:00","guid":{"rendered":"https:\/\/urbex-datenbank.ch\/urbex\/?p=3038"},"modified":"2021-01-01T01:12:57","modified_gmt":"2021-01-01T00:12:57","slug":"siegerehrung-foto-wettbewerb","status":"publish","type":"post","link":"https:\/\/urbex-datenbank.ch\/urbex\/2021\/01\/01\/siegerehrung-foto-wettbewerb\/","title":{"rendered":"Siegerehrung Foto-Wettbewerb"},"content":{"rendered":"\n<p>Liebe UrbexerInnen<\/p>\n\n\n\n<p>Ich w\u00fcnsche euch allen von Herzen alles Gute f\u00fcr das neue Jahr! Viel Gl\u00fcck, Liebe, Erfolg und Spass sollen euch begleiten!<\/p>\n\n\n\n<p>Danke an dieser Stelle an alle, welche beim Foto-Wettbewerb mitgemacht haben, sei es durch Beitr\u00e4ge oder durchs Abstimmen. Ihr seid toll. Im Beitragsbild findet ihr die Siegerfotos aus den drei Kategorien, Gl\u00fcckwunsch! Alle Teilnehmer werden noch per Mail kontaktiert.<\/p>\n\n\n\n<p>HAPPY NEW YEAR!<\/p>\n\n\n\n<p>Euer Admin<\/p>\n","protected":false},"excerpt":{"rendered":"<p>Liebe UrbexerInnen Ich w\u00fcnsche euch allen von Herzen alles Gute f\u00fcr das neue Jahr! Viel Gl\u00fcck, Liebe, Erfolg und Spass sollen euch begleiten! Danke an dieser Stelle an alle, welche beim Foto-Wettbewerb mitgemacht haben, sei es durch Beitr\u00e4ge oder durchs Abstimmen. Ihr seid toll. Im Beitragsbild findet ihr die Siegerfotos aus den drei Kategorien, Gl\u00fcckwunsch! &#8230;<\/p>\n","protected":false},"author":2,"featured_media":3039,"comment_status":"open","ping_status":"open","sticky":false,"template":"","format":"standard","meta":{"jetpack_post_was_ever_published":false,"_jetpack_newsletter_access":"","_jetpack_dont_email_post_to_subs":false,"_jetpack_newsletter_tier_id":0,"_jetpack_memberships_contains_paywalled_content":false,"_jetpack_memberships_contains_paid_content":false,"footnotes":"","jetpack_publicize_message":"","jetpack_publicize_feature_enabled":true,"jetpack_social_post_already_shared":true,"jetpack_social_options":{"image_generator_settings":{"template":"highway","default_image_id":0,"font":"","enabled":false},"version":2}},"categories":[422],"tags":[177,210,459],"class_list":["post-3038","post","type-post","status-publish","format-standard","has-post-thumbnail","hentry","category-texte","tag-urbex","tag-urbex-datenbank","tag-wettbewerb"],"jetpack_publicize_connections":[],"jetpack_featured_media_url":"https:\/\/i0.wp.com\/urbex-datenbank.ch\/urbex\/wp-content\/uploads\/2021\/01\/Sieger-scaled.jpg?fit=2560%2C2560&ssl=1","jetpack_sharing_enabled":true,"jetpack_shortlink":"https:\/\/wp.me\/paAVVs-N0","jetpack-related-posts":[{"id":3314,"url":"https:\/\/urbex-datenbank.ch\/urbex\/2021\/11\/25\/foto-wettbewerb-2\/","url_meta":{"origin":3038,"position":0},"title":"Foto-Wettbewerb","author":"Admin","date":"November 25, 2021","format":false,"excerpt":"Liebe UrbexerInnen Ich hoffe, es geht euch und euren Familien gut. Auch dieses Jahr gibt es wieder einen kleinen Foto-Wettbewerb. Ihr findet auf der Website den entsprechenden Men\u00fc-Punkt. Da k\u00f6nnt ihr euch die Regeln durchlesen, eigene Bilder hochladen und die Bilder anderer anhand von Sternen bewerten. Es werden die besten\u2026","rel":"","context":"In &quot;Allgemein&quot;","block_context":{"text":"Allgemein","link":"https:\/\/urbex-datenbank.ch\/urbex\/category\/allgemein\/"},"img":{"alt_text":"","src":"https:\/\/i0.wp.com\/urbex-datenbank.ch\/urbex\/wp-content\/uploads\/2018\/12\/Profilbild-vektor.jpg?fit=459%2C461&ssl=1&resize=350%2C200","width":350,"height":200},"classes":[]},{"id":2933,"url":"https:\/\/urbex-datenbank.ch\/urbex\/2020\/12\/10\/foto-wettbewerb\/","url_meta":{"origin":3038,"position":1},"title":"Foto-Wettbewerb","author":"Admin","date":"Dezember 10, 2020","format":false,"excerpt":"Liebe UrbexerInnen Ich hoffe, ihr seid alle gesund und wohlauf. Das Jahr neigt sich dem Ende zu und zum Abschluss veranstalten wir einen kleinen Foto-Wettbewerb! Ihr findet auf der Website einen neuen Men\u00fcpunkt. Da k\u00f6nnt ihr euch die Regeln durchlesen, eigene Bilder hochladen und die Bilder anderer anhand von Sternen\u2026","rel":"","context":"In &quot;Texte&quot;","block_context":{"text":"Texte","link":"https:\/\/urbex-datenbank.ch\/urbex\/category\/texte\/"},"img":{"alt_text":"","src":"https:\/\/i0.wp.com\/urbex-datenbank.ch\/urbex\/wp-content\/uploads\/2020\/12\/Unbenannt-1-scaled.jpg?fit=1200%2C1200&ssl=1&resize=350%2C200","width":350,"height":200,"srcset":"https:\/\/i0.wp.com\/urbex-datenbank.ch\/urbex\/wp-content\/uploads\/2020\/12\/Unbenannt-1-scaled.jpg?fit=1200%2C1200&ssl=1&resize=350%2C200 1x, https:\/\/i0.wp.com\/urbex-datenbank.ch\/urbex\/wp-content\/uploads\/2020\/12\/Unbenannt-1-scaled.jpg?fit=1200%2C1200&ssl=1&resize=525%2C300 1.5x, https:\/\/i0.wp.com\/urbex-datenbank.ch\/urbex\/wp-content\/uploads\/2020\/12\/Unbenannt-1-scaled.jpg?fit=1200%2C1200&ssl=1&resize=700%2C400 2x, https:\/\/i0.wp.com\/urbex-datenbank.ch\/urbex\/wp-content\/uploads\/2020\/12\/Unbenannt-1-scaled.jpg?fit=1200%2C1200&ssl=1&resize=1050%2C600 3x"},"classes":[]},{"id":3373,"url":"https:\/\/urbex-datenbank.ch\/urbex\/2021\/12\/24\/siegerehrung-foto-wettbewerb-2021\/","url_meta":{"origin":3038,"position":2},"title":"Siegerehrung Foto-Wettbewerb 2021","author":"Admin","date":"Dezember 24, 2021","format":false,"excerpt":"Liebe UrbexerInnen Vielen Dank f\u00fcr eure Teilnahme am diesj\u00e4hrigen Foto-Wettbewerb! Sei es durch eigene Beitr\u00e4ge oder durch eure Stimmen...ihr habt fleissig mitgemacht. Die Bewertungen sind nun f\u00fcr alle ersichtlich. Im Beitragsbild seht ihr die Sieger-Fotos. Herzliche Gratulation! Ihr gewinnt eine WISHCARD im Wert von 50.-. Ich w\u00fcnsche allen da draussen\u2026","rel":"","context":"In &quot;Allgemein&quot;","block_context":{"text":"Allgemein","link":"https:\/\/urbex-datenbank.ch\/urbex\/category\/allgemein\/"},"img":{"alt_text":"","src":"https:\/\/i0.wp.com\/urbex-datenbank.ch\/urbex\/wp-content\/uploads\/2021\/12\/Fini-AdobeStock_266866927.png?fit=1200%2C675&ssl=1&resize=350%2C200","width":350,"height":200,"srcset":"https:\/\/i0.wp.com\/urbex-datenbank.ch\/urbex\/wp-content\/uploads\/2021\/12\/Fini-AdobeStock_266866927.png?fit=1200%2C675&ssl=1&resize=350%2C200 1x, https:\/\/i0.wp.com\/urbex-datenbank.ch\/urbex\/wp-content\/uploads\/2021\/12\/Fini-AdobeStock_266866927.png?fit=1200%2C675&ssl=1&resize=525%2C300 1.5x, https:\/\/i0.wp.com\/urbex-datenbank.ch\/urbex\/wp-content\/uploads\/2021\/12\/Fini-AdobeStock_266866927.png?fit=1200%2C675&ssl=1&resize=700%2C400 2x, https:\/\/i0.wp.com\/urbex-datenbank.ch\/urbex\/wp-content\/uploads\/2021\/12\/Fini-AdobeStock_266866927.png?fit=1200%2C675&ssl=1&resize=1050%2C600 3x"},"classes":[]},{"id":3606,"url":"https:\/\/urbex-datenbank.ch\/urbex\/2022\/11\/20\/weihnachts-wettbewerb-2022\/","url_meta":{"origin":3038,"position":3},"title":"Weihnachts-Wettbewerb 2022","author":"Admin","date":"November 20, 2022","format":false,"excerpt":"Liebe UrbexerInnen Ich hoffe, ihr seid alle gesund und wohlauf. Wir veranstalten wieder mal einen kleinen Foto-Wettbewerb. Das Thema: WEIHNACHTEN \ud83c\udf85\ud83d\udc7c\ud83e\udd8c\u2603\ufe0f\ud83c\udf81\ud83c\udf20 Schickt eure Lost-Place-Bilder ein, die irgendeinen Bezug zu Weihnachten haben. Daf\u00fcr habt ihr Zeit bis am 18. Dezember. Erst danach wird abgestimmt! Ein\/e Gewinner\/in wird durch die Community bestimmt\u2026","rel":"","context":"In &quot;Blog Ausland&quot;","block_context":{"text":"Blog Ausland","link":"https:\/\/urbex-datenbank.ch\/urbex\/category\/blog-ausland\/"},"img":{"alt_text":"","src":"https:\/\/i0.wp.com\/urbex-datenbank.ch\/urbex\/wp-content\/uploads\/2022\/11\/IMG-20221120-WA0008.jpg?fit=866%2C577&ssl=1&resize=350%2C200","width":350,"height":200,"srcset":"https:\/\/i0.wp.com\/urbex-datenbank.ch\/urbex\/wp-content\/uploads\/2022\/11\/IMG-20221120-WA0008.jpg?fit=866%2C577&ssl=1&resize=350%2C200 1x, https:\/\/i0.wp.com\/urbex-datenbank.ch\/urbex\/wp-content\/uploads\/2022\/11\/IMG-20221120-WA0008.jpg?fit=866%2C577&ssl=1&resize=525%2C300 1.5x, https:\/\/i0.wp.com\/urbex-datenbank.ch\/urbex\/wp-content\/uploads\/2022\/11\/IMG-20221120-WA0008.jpg?fit=866%2C577&ssl=1&resize=700%2C400 2x"},"classes":[]},{"id":3658,"url":"https:\/\/urbex-datenbank.ch\/urbex\/2022\/12\/04\/erinnerung\/","url_meta":{"origin":3038,"position":4},"title":"Erinnerung","author":"Admin","date":"Dezember 4, 2022","format":false,"excerpt":"Liebe Community Es brennt bereits die zweite Kerze auf dem Adventskranz \ud83d\udd6f\ufe0f\ud83d\udd6f\ufe0f. Ihr habt noch zwei Wochen Zeit, um eure Beitr\u00e4ge zum Wettbewerb einzureichen. Also schnappt euch eure Kamera und knipst drauflos \ud83e\udd73. Ich freue mich. Viel Spass! Euer Admin","rel":"","context":"\u00c4hnlicher Beitrag","block_context":{"text":"\u00c4hnlicher Beitrag","link":""},"img":{"alt_text":"","src":"","width":0,"height":0},"classes":[]},{"id":3671,"url":"https:\/\/urbex-datenbank.ch\/urbex\/2022\/12\/24\/weihnachten-2022\/","url_meta":{"origin":3038,"position":5},"title":"Weihnachten 2022","author":"Admin","date":"Dezember 24, 2022","format":false,"excerpt":"Liebe Community Vielen Dank f\u00fcr eure Teilnahme am diesj\u00e4hrigen Foto-Wettbewerb. Es freut mich, die Gewinner bekanntgeben zu d\u00fcrfen. Als Gewinner aus der Abstimmung geht hervor...*trommelwirbel*...\"Das Haus der Weihnachtsw\u00fcnsche\"! Herzliche Gratulation. Als weiterer Gewinner vom Admin ausgew\u00e4hlt wurde...\"Lostplace Santa\"! Ich w\u00fcnsche euch nun allen ein besinnliches Weihnachtsfest mit euren Liebsten und\u2026","rel":"","context":"In &quot;Blog Ausland&quot;","block_context":{"text":"Blog Ausland","link":"https:\/\/urbex-datenbank.ch\/urbex\/category\/blog-ausland\/"},"img":{"alt_text":"","src":"https:\/\/i0.wp.com\/urbex-datenbank.ch\/urbex\/wp-content\/uploads\/2022\/12\/3.png?fit=1200%2C877&ssl=1&resize=350%2C200","width":350,"height":200,"srcset":"https:\/\/i0.wp.com\/urbex-datenbank.ch\/urbex\/wp-content\/uploads\/2022\/12\/3.png?fit=1200%2C877&ssl=1&resize=350%2C200 1x, https:\/\/i0.wp.com\/urbex-datenbank.ch\/urbex\/wp-content\/uploads\/2022\/12\/3.png?fit=1200%2C877&ssl=1&resize=525%2C300 1.5x, https:\/\/i0.wp.com\/urbex-datenbank.ch\/urbex\/wp-content\/uploads\/2022\/12\/3.png?fit=1200%2C877&ssl=1&resize=700%2C400 2x, https:\/\/i0.wp.com\/urbex-datenbank.ch\/urbex\/wp-content\/uploads\/2022\/12\/3.png?fit=1200%2C877&ssl=1&resize=1050%2C600 3x"},"classes":[]}],"_links":{"self":[{"href":"https:\/\/urbex-datenbank.ch\/urbex\/wp-json\/wp\/v2\/posts\/3038","targetHints":{"allow":["GET"]}}],"collection":[{"href":"https:\/\/urbex-datenbank.ch\/urbex\/wp-json\/wp\/v2\/posts"}],"about":[{"href":"https:\/\/urbex-datenbank.ch\/urbex\/wp-json\/wp\/v2\/types\/post"}],"author":[{"embeddable":true,"href":"https:\/\/urbex-datenbank.ch\/urbex\/wp-json\/wp\/v2\/users\/2"}],"replies":[{"embeddable":true,"href":"https:\/\/urbex-datenbank.ch\/urbex\/wp-json\/wp\/v2\/comments?post=3038"}],"version-history":[{"count":1,"href":"https:\/\/urbex-datenbank.ch\/urbex\/wp-json\/wp\/v2\/posts\/3038\/revisions"}],"predecessor-version":[{"id":3040,"href":"https:\/\/urbex-datenbank.ch\/urbex\/wp-json\/wp\/v2\/posts\/3038\/revisions\/3040"}],"wp:featuredmedia":[{"embeddable":true,"href":"https:\/\/urbex-datenbank.ch\/urbex\/wp-json\/wp\/v2\/media\/3039"}],"wp:attachment":[{"href":"https:\/\/urbex-datenbank.ch\/urbex\/wp-json\/wp\/v2\/media?parent=3038"}],"wp:term":[{"taxonomy":"category","embeddable":true,"href":"https:\/\/urbex-datenbank.ch\/urbex\/wp-json\/wp\/v2\/categories?post=3038"},{"taxonomy":"post_tag","embeddable":true,"href":"https:\/\/urbex-datenbank.ch\/urbex\/wp-json\/wp\/v2\/tags?post=3038"}],"curies":[{"name":"wp","href":"https:\/\/api.w.org\/{rel}","templated":true}]}}