{"id":2678,"date":"2020-06-01T16:19:31","date_gmt":"2020-06-01T15:19:31","guid":{"rendered":"https:\/\/urbex-datenbank.ch\/urbex\/?p=2678"},"modified":"2020-07-26T13:33:48","modified_gmt":"2020-07-26T12:33:48","slug":"haeuser-zuerich","status":"publish","type":"post","link":"https:\/\/urbex-datenbank.ch\/urbex\/2020\/06\/01\/haeuser-zuerich\/","title":{"rendered":"H\u00e4user Z\u00fcrich"},"content":{"rendered":"\n<p>Obsthaldenstrasse 50, 8046 Z\u00fcrich<\/p>\n\n\n\n<p>Stand 26.7.20 abgerissen<\/p>\n","protected":false},"excerpt":{"rendered":"<p>Obsthaldenstrasse 50, 8046 Z\u00fcrich Stand 26.7.20 abgerissen<\/p>\n","protected":false},"author":2,"featured_media":2679,"comment_status":"open","ping_status":"open","sticky":false,"template":"","format":"standard","meta":{"jetpack_post_was_ever_published":false,"_jetpack_newsletter_access":"","_jetpack_dont_email_post_to_subs":false,"_jetpack_newsletter_tier_id":0,"_jetpack_memberships_contains_paywalled_content":false,"_jetpack_memberships_contains_paid_content":false,"footnotes":"","jetpack_publicize_message":"","jetpack_publicize_feature_enabled":true,"jetpack_social_post_already_shared":true,"jetpack_social_options":{"image_generator_settings":{"template":"highway","default_image_id":0,"font":"","enabled":false},"version":2}},"categories":[4],"tags":[388,418,111,389,112,174,175,177,181,182,394],"class_list":["post-2678","post","type-post","status-publish","format-standard","has-post-thumbnail","hentry","category-blog-schweiz","tag-abandoned-house","tag-lieux-abandonnes-suisse","tag-lost-place","tag-lost-place-suisse","tag-lost-places","tag-urban-exploration","tag-urban-explorer","tag-urbex","tag-verlassene-gebaeude","tag-verlassene-haeuser","tag-verlassenes-gebaeude"],"jetpack_publicize_connections":[],"jetpack_featured_media_url":"https:\/\/i0.wp.com\/urbex-datenbank.ch\/urbex\/wp-content\/uploads\/2020\/06\/H%C3%A4user-ZH.jpg?fit=977%2C669&ssl=1","jetpack_sharing_enabled":true,"jetpack_shortlink":"https:\/\/wp.me\/paAVVs-Hc","jetpack-related-posts":[{"id":2808,"url":"https:\/\/urbex-datenbank.ch\/urbex\/2020\/09\/22\/labyrinth-haus-duebendorf\/","url_meta":{"origin":2678,"position":0},"title":"Labyrinth-Haus D\u00fcbendorf","author":"Admin","date":"September 22, 2020","format":false,"excerpt":"Tulpenstrasse 2, 8600 D\u00fcbendorf, Z\u00fcrich Stand 15.10.20 im Umbau","rel":"","context":"In &quot;Blog Schweiz&quot;","block_context":{"text":"Blog Schweiz","link":"https:\/\/urbex-datenbank.ch\/urbex\/category\/blog-schweiz\/"},"img":{"alt_text":"","src":"https:\/\/i0.wp.com\/urbex-datenbank.ch\/urbex\/wp-content\/uploads\/2020\/09\/IMG_20200923_000012_336.jpg?fit=1080%2C798&ssl=1&resize=350%2C200","width":350,"height":200,"srcset":"https:\/\/i0.wp.com\/urbex-datenbank.ch\/urbex\/wp-content\/uploads\/2020\/09\/IMG_20200923_000012_336.jpg?fit=1080%2C798&ssl=1&resize=350%2C200 1x, https:\/\/i0.wp.com\/urbex-datenbank.ch\/urbex\/wp-content\/uploads\/2020\/09\/IMG_20200923_000012_336.jpg?fit=1080%2C798&ssl=1&resize=525%2C300 1.5x, https:\/\/i0.wp.com\/urbex-datenbank.ch\/urbex\/wp-content\/uploads\/2020\/09\/IMG_20200923_000012_336.jpg?fit=1080%2C798&ssl=1&resize=700%2C400 2x, https:\/\/i0.wp.com\/urbex-datenbank.ch\/urbex\/wp-content\/uploads\/2020\/09\/IMG_20200923_000012_336.jpg?fit=1080%2C798&ssl=1&resize=1050%2C600 3x"},"classes":[]},{"id":2509,"url":"https:\/\/urbex-datenbank.ch\/urbex\/2020\/02\/09\/haus-ii-wallisellen\/","url_meta":{"origin":2678,"position":1},"title":"Haus Wallisellen II","author":"Admin","date":"Februar 9, 2020","format":false,"excerpt":"Mittelhaus 6, 8304 Wallisellen, Z\u00fcrich Stand 30.9.21 abgerissen","rel":"","context":"In &quot;Blog Schweiz&quot;","block_context":{"text":"Blog Schweiz","link":"https:\/\/urbex-datenbank.ch\/urbex\/category\/blog-schweiz\/"},"img":{"alt_text":"","src":"https:\/\/i0.wp.com\/urbex-datenbank.ch\/urbex\/wp-content\/uploads\/2020\/02\/IMG_20200209_092811_685_1.jpg?fit=1000%2C562&ssl=1&resize=350%2C200","width":350,"height":200,"srcset":"https:\/\/i0.wp.com\/urbex-datenbank.ch\/urbex\/wp-content\/uploads\/2020\/02\/IMG_20200209_092811_685_1.jpg?fit=1000%2C562&ssl=1&resize=350%2C200 1x, https:\/\/i0.wp.com\/urbex-datenbank.ch\/urbex\/wp-content\/uploads\/2020\/02\/IMG_20200209_092811_685_1.jpg?fit=1000%2C562&ssl=1&resize=525%2C300 1.5x, https:\/\/i0.wp.com\/urbex-datenbank.ch\/urbex\/wp-content\/uploads\/2020\/02\/IMG_20200209_092811_685_1.jpg?fit=1000%2C562&ssl=1&resize=700%2C400 2x"},"classes":[]},{"id":2506,"url":"https:\/\/urbex-datenbank.ch\/urbex\/2020\/02\/09\/haus-i-wallisellen\/","url_meta":{"origin":2678,"position":2},"title":"Haus Wallisellen I","author":"Admin","date":"Februar 9, 2020","format":false,"excerpt":"Unterhaus 4, 8304 Wallisellen, Z\u00fcrich Stand 30.9.21 abgerissen","rel":"","context":"In &quot;Blog Schweiz&quot;","block_context":{"text":"Blog Schweiz","link":"https:\/\/urbex-datenbank.ch\/urbex\/category\/blog-schweiz\/"},"img":{"alt_text":"","src":"https:\/\/i0.wp.com\/urbex-datenbank.ch\/urbex\/wp-content\/uploads\/2020\/02\/IMG_20200209_092809_214_1.jpg?fit=1080%2C608&ssl=1&resize=350%2C200","width":350,"height":200,"srcset":"https:\/\/i0.wp.com\/urbex-datenbank.ch\/urbex\/wp-content\/uploads\/2020\/02\/IMG_20200209_092809_214_1.jpg?fit=1080%2C608&ssl=1&resize=350%2C200 1x, https:\/\/i0.wp.com\/urbex-datenbank.ch\/urbex\/wp-content\/uploads\/2020\/02\/IMG_20200209_092809_214_1.jpg?fit=1080%2C608&ssl=1&resize=525%2C300 1.5x, https:\/\/i0.wp.com\/urbex-datenbank.ch\/urbex\/wp-content\/uploads\/2020\/02\/IMG_20200209_092809_214_1.jpg?fit=1080%2C608&ssl=1&resize=700%2C400 2x, https:\/\/i0.wp.com\/urbex-datenbank.ch\/urbex\/wp-content\/uploads\/2020\/02\/IMG_20200209_092809_214_1.jpg?fit=1080%2C608&ssl=1&resize=1050%2C600 3x"},"classes":[]},{"id":1841,"url":"https:\/\/urbex-datenbank.ch\/urbex\/2019\/04\/06\/villa-e-winterthur\/","url_meta":{"origin":2678,"position":3},"title":"Villa E. Winterthur","author":"Admin","date":"April 6, 2019","format":false,"excerpt":"Wolfensbergstrasse 165, 8400 Winterthur, Z\u00fcrich Stand 12.3.21 im Umbau","rel":"","context":"In &quot;Blog Schweiz&quot;","block_context":{"text":"Blog Schweiz","link":"https:\/\/urbex-datenbank.ch\/urbex\/category\/blog-schweiz\/"},"img":{"alt_text":"","src":"https:\/\/i0.wp.com\/urbex-datenbank.ch\/urbex\/wp-content\/uploads\/2019\/04\/Villa-E.-Winterthur.jpg?fit=1200%2C675&ssl=1&resize=350%2C200","width":350,"height":200,"srcset":"https:\/\/i0.wp.com\/urbex-datenbank.ch\/urbex\/wp-content\/uploads\/2019\/04\/Villa-E.-Winterthur.jpg?fit=1200%2C675&ssl=1&resize=350%2C200 1x, https:\/\/i0.wp.com\/urbex-datenbank.ch\/urbex\/wp-content\/uploads\/2019\/04\/Villa-E.-Winterthur.jpg?fit=1200%2C675&ssl=1&resize=525%2C300 1.5x, https:\/\/i0.wp.com\/urbex-datenbank.ch\/urbex\/wp-content\/uploads\/2019\/04\/Villa-E.-Winterthur.jpg?fit=1200%2C675&ssl=1&resize=700%2C400 2x, https:\/\/i0.wp.com\/urbex-datenbank.ch\/urbex\/wp-content\/uploads\/2019\/04\/Villa-E.-Winterthur.jpg?fit=1200%2C675&ssl=1&resize=1050%2C600 3x"},"classes":[]},{"id":1845,"url":"https:\/\/urbex-datenbank.ch\/urbex\/2019\/04\/07\/haus-duebendorf\/","url_meta":{"origin":2678,"position":4},"title":"Haus D\u00fcbendorf","author":"Admin","date":"April 7, 2019","format":false,"excerpt":"Dietlikonstrasse 18, 8600 D\u00fcbendorf, Z\u00fcrich Stand 6.5.21 abgerissen","rel":"","context":"In &quot;Blog Schweiz&quot;","block_context":{"text":"Blog Schweiz","link":"https:\/\/urbex-datenbank.ch\/urbex\/category\/blog-schweiz\/"},"img":{"alt_text":"","src":"https:\/\/i0.wp.com\/urbex-datenbank.ch\/urbex\/wp-content\/uploads\/2019\/04\/IMG_20190407_14114501.jpg?fit=1200%2C675&ssl=1&resize=350%2C200","width":350,"height":200,"srcset":"https:\/\/i0.wp.com\/urbex-datenbank.ch\/urbex\/wp-content\/uploads\/2019\/04\/IMG_20190407_14114501.jpg?fit=1200%2C675&ssl=1&resize=350%2C200 1x, https:\/\/i0.wp.com\/urbex-datenbank.ch\/urbex\/wp-content\/uploads\/2019\/04\/IMG_20190407_14114501.jpg?fit=1200%2C675&ssl=1&resize=525%2C300 1.5x, https:\/\/i0.wp.com\/urbex-datenbank.ch\/urbex\/wp-content\/uploads\/2019\/04\/IMG_20190407_14114501.jpg?fit=1200%2C675&ssl=1&resize=700%2C400 2x, https:\/\/i0.wp.com\/urbex-datenbank.ch\/urbex\/wp-content\/uploads\/2019\/04\/IMG_20190407_14114501.jpg?fit=1200%2C675&ssl=1&resize=1050%2C600 3x"},"classes":[]},{"id":2846,"url":"https:\/\/urbex-datenbank.ch\/urbex\/2020\/10\/17\/haus-erlach\/","url_meta":{"origin":2678,"position":5},"title":"Haus Erlach","author":"Admin","date":"Oktober 17, 2020","format":false,"excerpt":"Galsstrasse 5, 3235 Erlach, Bern","rel":"","context":"In &quot;Blog Schweiz&quot;","block_context":{"text":"Blog Schweiz","link":"https:\/\/urbex-datenbank.ch\/urbex\/category\/blog-schweiz\/"},"img":{"alt_text":"","src":"https:\/\/i0.wp.com\/urbex-datenbank.ch\/urbex\/wp-content\/uploads\/2020\/10\/img_2576-scaled.jpg?fit=1200%2C900&ssl=1&resize=350%2C200","width":350,"height":200,"srcset":"https:\/\/i0.wp.com\/urbex-datenbank.ch\/urbex\/wp-content\/uploads\/2020\/10\/img_2576-scaled.jpg?fit=1200%2C900&ssl=1&resize=350%2C200 1x, https:\/\/i0.wp.com\/urbex-datenbank.ch\/urbex\/wp-content\/uploads\/2020\/10\/img_2576-scaled.jpg?fit=1200%2C900&ssl=1&resize=525%2C300 1.5x, https:\/\/i0.wp.com\/urbex-datenbank.ch\/urbex\/wp-content\/uploads\/2020\/10\/img_2576-scaled.jpg?fit=1200%2C900&ssl=1&resize=700%2C400 2x, https:\/\/i0.wp.com\/urbex-datenbank.ch\/urbex\/wp-content\/uploads\/2020\/10\/img_2576-scaled.jpg?fit=1200%2C900&ssl=1&resize=1050%2C600 3x"},"classes":[]}],"_links":{"self":[{"href":"https:\/\/urbex-datenbank.ch\/urbex\/wp-json\/wp\/v2\/posts\/2678","targetHints":{"allow":["GET"]}}],"collection":[{"href":"https:\/\/urbex-datenbank.ch\/urbex\/wp-json\/wp\/v2\/posts"}],"about":[{"href":"https:\/\/urbex-datenbank.ch\/urbex\/wp-json\/wp\/v2\/types\/post"}],"author":[{"embeddable":true,"href":"https:\/\/urbex-datenbank.ch\/urbex\/wp-json\/wp\/v2\/users\/2"}],"replies":[{"embeddable":true,"href":"https:\/\/urbex-datenbank.ch\/urbex\/wp-json\/wp\/v2\/comments?post=2678"}],"version-history":[{"count":2,"href":"https:\/\/urbex-datenbank.ch\/urbex\/wp-json\/wp\/v2\/posts\/2678\/revisions"}],"predecessor-version":[{"id":2767,"href":"https:\/\/urbex-datenbank.ch\/urbex\/wp-json\/wp\/v2\/posts\/2678\/revisions\/2767"}],"wp:featuredmedia":[{"embeddable":true,"href":"https:\/\/urbex-datenbank.ch\/urbex\/wp-json\/wp\/v2\/media\/2679"}],"wp:attachment":[{"href":"https:\/\/urbex-datenbank.ch\/urbex\/wp-json\/wp\/v2\/media?parent=2678"}],"wp:term":[{"taxonomy":"category","embeddable":true,"href":"https:\/\/urbex-datenbank.ch\/urbex\/wp-json\/wp\/v2\/categories?post=2678"},{"taxonomy":"post_tag","embeddable":true,"href":"https:\/\/urbex-datenbank.ch\/urbex\/wp-json\/wp\/v2\/tags?post=2678"}],"curies":[{"name":"wp","href":"https:\/\/api.w.org\/{rel}","templated":true}]}}