{"id":2557,"date":"2020-03-29T21:25:04","date_gmt":"2020-03-29T20:25:04","guid":{"rendered":"https:\/\/urbex-datenbank.ch\/urbex\/?p=2557"},"modified":"2020-03-29T21:25:08","modified_gmt":"2020-03-29T20:25:08","slug":"sperre-cudrefin-vallamand","status":"publish","type":"post","link":"https:\/\/urbex-datenbank.ch\/urbex\/2020\/03\/29\/sperre-cudrefin-vallamand\/","title":{"rendered":"Sperre Cudrefin-Vallamand"},"content":{"rendered":"\n<p>Siehe Film: <a href=\"https:\/\/youtu.be\/wpcNBwNbIk4\">https:\/\/youtu.be\/wpcNBwNbIk4<\/a><\/p>\n\n\n\n<p>&#8222;Ein 5km langer LP aus dem WW2. Bestehend aus 15 Bunkern, wobei die H\u00e4lfte zug\u00e4nglich ist. Panzergr\u00e4ben, Panzermauern und Toblerone. Und das in einer sch\u00f6nen Gegend. Keine Nachbarn, die Stress machen und kein Virus, der einem st\u00e4ndig durch die Medien ins Gesicht knallt.&#8220;<\/p>\n","protected":false},"excerpt":{"rendered":"<p>Siehe Film: https:\/\/youtu.be\/wpcNBwNbIk4 &#8222;Ein 5km langer LP aus dem WW2. Bestehend aus 15 Bunkern, wobei die H\u00e4lfte zug\u00e4nglich ist. Panzergr\u00e4ben, Panzermauern und Toblerone. Und das in einer sch\u00f6nen Gegend. Keine Nachbarn, die Stress machen und kein Virus, der einem st\u00e4ndig durch die Medien ins Gesicht knallt.&#8220;<\/p>\n","protected":false},"author":2,"featured_media":2558,"comment_status":"open","ping_status":"open","sticky":false,"template":"","format":"standard","meta":{"jetpack_post_was_ever_published":false,"_jetpack_newsletter_access":"","_jetpack_dont_email_post_to_subs":false,"_jetpack_newsletter_tier_id":0,"_jetpack_memberships_contains_paywalled_content":false,"_jetpack_memberships_contains_paid_content":false,"footnotes":"","jetpack_publicize_message":"","jetpack_publicize_feature_enabled":true,"jetpack_social_post_already_shared":true,"jetpack_social_options":{"image_generator_settings":{"template":"highway","default_image_id":0,"font":"","enabled":false},"version":2}},"categories":[4],"tags":[388,329,389,112,174,177,210,181],"class_list":["post-2557","post","type-post","status-publish","format-standard","has-post-thumbnail","hentry","category-blog-schweiz","tag-abandoned-house","tag-abandoned-places-switzerland","tag-lost-place-suisse","tag-lost-places","tag-urban-exploration","tag-urbex","tag-urbex-datenbank","tag-verlassene-gebaeude"],"jetpack_publicize_connections":[],"jetpack_featured_media_url":"https:\/\/i0.wp.com\/urbex-datenbank.ch\/urbex\/wp-content\/uploads\/2020\/03\/IMG_0033.jpg?fit=535%2C298&ssl=1","jetpack_sharing_enabled":true,"jetpack_shortlink":"https:\/\/wp.me\/paAVVs-Ff","jetpack-related-posts":[{"id":2933,"url":"https:\/\/urbex-datenbank.ch\/urbex\/2020\/12\/10\/foto-wettbewerb\/","url_meta":{"origin":2557,"position":0},"title":"Foto-Wettbewerb","author":"Admin","date":"Dezember 10, 2020","format":false,"excerpt":"Liebe UrbexerInnen Ich hoffe, ihr seid alle gesund und wohlauf. Das Jahr neigt sich dem Ende zu und zum Abschluss veranstalten wir einen kleinen Foto-Wettbewerb! Ihr findet auf der Website einen neuen Men\u00fcpunkt. Da k\u00f6nnt ihr euch die Regeln durchlesen, eigene Bilder hochladen und die Bilder anderer anhand von Sternen\u2026","rel":"","context":"In &quot;Texte&quot;","block_context":{"text":"Texte","link":"https:\/\/urbex-datenbank.ch\/urbex\/category\/texte\/"},"img":{"alt_text":"","src":"https:\/\/i0.wp.com\/urbex-datenbank.ch\/urbex\/wp-content\/uploads\/2020\/12\/Unbenannt-1-scaled.jpg?fit=1200%2C1200&ssl=1&resize=350%2C200","width":350,"height":200,"srcset":"https:\/\/i0.wp.com\/urbex-datenbank.ch\/urbex\/wp-content\/uploads\/2020\/12\/Unbenannt-1-scaled.jpg?fit=1200%2C1200&ssl=1&resize=350%2C200 1x, https:\/\/i0.wp.com\/urbex-datenbank.ch\/urbex\/wp-content\/uploads\/2020\/12\/Unbenannt-1-scaled.jpg?fit=1200%2C1200&ssl=1&resize=525%2C300 1.5x, https:\/\/i0.wp.com\/urbex-datenbank.ch\/urbex\/wp-content\/uploads\/2020\/12\/Unbenannt-1-scaled.jpg?fit=1200%2C1200&ssl=1&resize=700%2C400 2x, https:\/\/i0.wp.com\/urbex-datenbank.ch\/urbex\/wp-content\/uploads\/2020\/12\/Unbenannt-1-scaled.jpg?fit=1200%2C1200&ssl=1&resize=1050%2C600 3x"},"classes":[]},{"id":3314,"url":"https:\/\/urbex-datenbank.ch\/urbex\/2021\/11\/25\/foto-wettbewerb-2\/","url_meta":{"origin":2557,"position":1},"title":"Foto-Wettbewerb","author":"Admin","date":"November 25, 2021","format":false,"excerpt":"Liebe UrbexerInnen Ich hoffe, es geht euch und euren Familien gut. Auch dieses Jahr gibt es wieder einen kleinen Foto-Wettbewerb. Ihr findet auf der Website den entsprechenden Men\u00fc-Punkt. Da k\u00f6nnt ihr euch die Regeln durchlesen, eigene Bilder hochladen und die Bilder anderer anhand von Sternen bewerten. Es werden die besten\u2026","rel":"","context":"In &quot;Allgemein&quot;","block_context":{"text":"Allgemein","link":"https:\/\/urbex-datenbank.ch\/urbex\/category\/allgemein\/"},"img":{"alt_text":"","src":"https:\/\/i0.wp.com\/urbex-datenbank.ch\/urbex\/wp-content\/uploads\/2018\/12\/Profilbild-vektor.jpg?fit=459%2C461&ssl=1&resize=350%2C200","width":350,"height":200},"classes":[]},{"id":2495,"url":"https:\/\/urbex-datenbank.ch\/urbex\/2020\/01\/27\/allgemeiner-hinweis-kik-chat\/","url_meta":{"origin":2557,"position":2},"title":"GEL\u00d6SCHT Allgemeiner Hinweis: kik Chat","author":"Admin","date":"Januar 27, 2020","format":false,"excerpt":"Achtung, diesen Chat gibt es nicht mehr. Neu nur noch auf Telegram (kik war mir zu verspamt). Liebe UrbexerInnen Da ich immer wieder Nachrichten erhalte von Leuten, die auf der Suche nach neuen Bekanntschaften f\u00fcr Urbex-Ausfl\u00fcge sind, starte ich nun einen Versuch mit kik. Das ist ein kostenloser Messenger, bei\u2026","rel":"","context":"In &quot;Texte&quot;","block_context":{"text":"Texte","link":"https:\/\/urbex-datenbank.ch\/urbex\/category\/texte\/"},"img":{"alt_text":"","src":"https:\/\/i0.wp.com\/urbex-datenbank.ch\/urbex\/wp-content\/uploads\/2018\/12\/Titelbild-breit.jpg?fit=1200%2C675&ssl=1&resize=350%2C200","width":350,"height":200,"srcset":"https:\/\/i0.wp.com\/urbex-datenbank.ch\/urbex\/wp-content\/uploads\/2018\/12\/Titelbild-breit.jpg?fit=1200%2C675&ssl=1&resize=350%2C200 1x, https:\/\/i0.wp.com\/urbex-datenbank.ch\/urbex\/wp-content\/uploads\/2018\/12\/Titelbild-breit.jpg?fit=1200%2C675&ssl=1&resize=525%2C300 1.5x, https:\/\/i0.wp.com\/urbex-datenbank.ch\/urbex\/wp-content\/uploads\/2018\/12\/Titelbild-breit.jpg?fit=1200%2C675&ssl=1&resize=700%2C400 2x, https:\/\/i0.wp.com\/urbex-datenbank.ch\/urbex\/wp-content\/uploads\/2018\/12\/Titelbild-breit.jpg?fit=1200%2C675&ssl=1&resize=1050%2C600 3x"},"classes":[]},{"id":1944,"url":"https:\/\/urbex-datenbank.ch\/urbex\/2019\/05\/04\/allgemeiner-hinweis-wegweiser\/","url_meta":{"origin":2557,"position":3},"title":"Allgemeiner Hinweis: Wegweiser","author":"Admin","date":"Mai 4, 2019","format":false,"excerpt":"Liebe UrbexerInnen. Ich hoffe, ihr geniesst das Wochenende... vielleicht sogar mit einer kleinen Urbex-Tour ?? Vielen Dank f\u00fcr euer Mitmachen hier... f\u00fcr eure Orte, Fotos und Videos, R\u00fcckmeldungen und Hinweise. Es ist sch\u00f6n zu sehen, dass Urbex auch auf diese Weise funktionieren kann. Viele Kommentare beziehen sich auch darauf, wie\u2026","rel":"","context":"In &quot;Texte&quot;","block_context":{"text":"Texte","link":"https:\/\/urbex-datenbank.ch\/urbex\/category\/texte\/"},"img":{"alt_text":"","src":"https:\/\/i0.wp.com\/urbex-datenbank.ch\/urbex\/wp-content\/uploads\/2018\/12\/Titelbild-breit.jpg?fit=1200%2C675&ssl=1&resize=350%2C200","width":350,"height":200,"srcset":"https:\/\/i0.wp.com\/urbex-datenbank.ch\/urbex\/wp-content\/uploads\/2018\/12\/Titelbild-breit.jpg?fit=1200%2C675&ssl=1&resize=350%2C200 1x, https:\/\/i0.wp.com\/urbex-datenbank.ch\/urbex\/wp-content\/uploads\/2018\/12\/Titelbild-breit.jpg?fit=1200%2C675&ssl=1&resize=525%2C300 1.5x, https:\/\/i0.wp.com\/urbex-datenbank.ch\/urbex\/wp-content\/uploads\/2018\/12\/Titelbild-breit.jpg?fit=1200%2C675&ssl=1&resize=700%2C400 2x, https:\/\/i0.wp.com\/urbex-datenbank.ch\/urbex\/wp-content\/uploads\/2018\/12\/Titelbild-breit.jpg?fit=1200%2C675&ssl=1&resize=1050%2C600 3x"},"classes":[]},{"id":2425,"url":"https:\/\/urbex-datenbank.ch\/urbex\/2020\/01\/01\/neujahrsraetsel\/","url_meta":{"origin":2557,"position":4},"title":"Neujahrsr\u00e4tsel","author":"Admin","date":"Januar 1, 2020","format":false,"excerpt":"!!! ALLES GUTE F\u00dcR 2020 !!! Liebe UrbexerInnen Die Urbex Datenbank meldet sich im neuen Jahr zur\u00fcck und h\u00e4lt etwas f\u00fcr die Knobler unter euch bereit. Findet mithilfe des Kreuzwortr\u00e4tsels den gesuchten Ort und macht euch auf die Reise. Es wartet eine kleine \u00dcberraschung auf euch. Wenn ihr dann den\u2026","rel":"","context":"In &quot;Texte&quot;","block_context":{"text":"Texte","link":"https:\/\/urbex-datenbank.ch\/urbex\/category\/texte\/"},"img":{"alt_text":"","src":"https:\/\/i0.wp.com\/urbex-datenbank.ch\/urbex\/wp-content\/uploads\/2019\/12\/Neujahresr%C3%A4tsel-definitiv-3-1.png?fit=1200%2C675&ssl=1&resize=350%2C200","width":350,"height":200,"srcset":"https:\/\/i0.wp.com\/urbex-datenbank.ch\/urbex\/wp-content\/uploads\/2019\/12\/Neujahresr%C3%A4tsel-definitiv-3-1.png?fit=1200%2C675&ssl=1&resize=350%2C200 1x, https:\/\/i0.wp.com\/urbex-datenbank.ch\/urbex\/wp-content\/uploads\/2019\/12\/Neujahresr%C3%A4tsel-definitiv-3-1.png?fit=1200%2C675&ssl=1&resize=525%2C300 1.5x, https:\/\/i0.wp.com\/urbex-datenbank.ch\/urbex\/wp-content\/uploads\/2019\/12\/Neujahresr%C3%A4tsel-definitiv-3-1.png?fit=1200%2C675&ssl=1&resize=700%2C400 2x, https:\/\/i0.wp.com\/urbex-datenbank.ch\/urbex\/wp-content\/uploads\/2019\/12\/Neujahresr%C3%A4tsel-definitiv-3-1.png?fit=1200%2C675&ssl=1&resize=1050%2C600 3x"},"classes":[]},{"id":3568,"url":"https:\/\/urbex-datenbank.ch\/urbex\/2022\/10\/06\/neuerungen-karte\/","url_meta":{"origin":2557,"position":5},"title":"Neuerungen Karte","author":"Admin","date":"Oktober 6, 2022","format":false,"excerpt":"Liebe UrbexerInnen Ich habe einige W\u00fcnsche aus der Community aufgenommen und in die Karte integriert. So sind die Orte in der Karte nun mit dem jeweiligen Beitrag im Blog verlinkt. Ausserdem wurden die Kantonsangaben erg\u00e4nzt. Sollten euch Fehler auffallen oder ihr weitere Verbesserungsvorschl\u00e4ge haben, meldet euch gern. Viel Spass! Euer\u2026","rel":"","context":"In &quot;Texte&quot;","block_context":{"text":"Texte","link":"https:\/\/urbex-datenbank.ch\/urbex\/category\/texte\/"},"img":{"alt_text":"","src":"https:\/\/i0.wp.com\/urbex-datenbank.ch\/urbex\/wp-content\/uploads\/2018\/12\/Titelbild-breit.jpg?fit=1200%2C675&ssl=1&resize=350%2C200","width":350,"height":200,"srcset":"https:\/\/i0.wp.com\/urbex-datenbank.ch\/urbex\/wp-content\/uploads\/2018\/12\/Titelbild-breit.jpg?fit=1200%2C675&ssl=1&resize=350%2C200 1x, https:\/\/i0.wp.com\/urbex-datenbank.ch\/urbex\/wp-content\/uploads\/2018\/12\/Titelbild-breit.jpg?fit=1200%2C675&ssl=1&resize=525%2C300 1.5x, https:\/\/i0.wp.com\/urbex-datenbank.ch\/urbex\/wp-content\/uploads\/2018\/12\/Titelbild-breit.jpg?fit=1200%2C675&ssl=1&resize=700%2C400 2x, https:\/\/i0.wp.com\/urbex-datenbank.ch\/urbex\/wp-content\/uploads\/2018\/12\/Titelbild-breit.jpg?fit=1200%2C675&ssl=1&resize=1050%2C600 3x"},"classes":[]}],"_links":{"self":[{"href":"https:\/\/urbex-datenbank.ch\/urbex\/wp-json\/wp\/v2\/posts\/2557","targetHints":{"allow":["GET"]}}],"collection":[{"href":"https:\/\/urbex-datenbank.ch\/urbex\/wp-json\/wp\/v2\/posts"}],"about":[{"href":"https:\/\/urbex-datenbank.ch\/urbex\/wp-json\/wp\/v2\/types\/post"}],"author":[{"embeddable":true,"href":"https:\/\/urbex-datenbank.ch\/urbex\/wp-json\/wp\/v2\/users\/2"}],"replies":[{"embeddable":true,"href":"https:\/\/urbex-datenbank.ch\/urbex\/wp-json\/wp\/v2\/comments?post=2557"}],"version-history":[{"count":2,"href":"https:\/\/urbex-datenbank.ch\/urbex\/wp-json\/wp\/v2\/posts\/2557\/revisions"}],"predecessor-version":[{"id":2560,"href":"https:\/\/urbex-datenbank.ch\/urbex\/wp-json\/wp\/v2\/posts\/2557\/revisions\/2560"}],"wp:featuredmedia":[{"embeddable":true,"href":"https:\/\/urbex-datenbank.ch\/urbex\/wp-json\/wp\/v2\/media\/2558"}],"wp:attachment":[{"href":"https:\/\/urbex-datenbank.ch\/urbex\/wp-json\/wp\/v2\/media?parent=2557"}],"wp:term":[{"taxonomy":"category","embeddable":true,"href":"https:\/\/urbex-datenbank.ch\/urbex\/wp-json\/wp\/v2\/categories?post=2557"},{"taxonomy":"post_tag","embeddable":true,"href":"https:\/\/urbex-datenbank.ch\/urbex\/wp-json\/wp\/v2\/tags?post=2557"}],"curies":[{"name":"wp","href":"https:\/\/api.w.org\/{rel}","templated":true}]}}