{"id":2509,"date":"2020-02-09T09:39:35","date_gmt":"2020-02-09T08:39:35","guid":{"rendered":"https:\/\/urbex-datenbank.ch\/urbex\/?p=2509"},"modified":"2021-10-27T18:26:43","modified_gmt":"2021-10-27T17:26:43","slug":"haus-ii-wallisellen","status":"publish","type":"post","link":"https:\/\/urbex-datenbank.ch\/urbex\/2020\/02\/09\/haus-ii-wallisellen\/","title":{"rendered":"Haus Wallisellen II"},"content":{"rendered":"\n<p>Mittelhaus 6, 8304 Wallisellen, Z\u00fcrich<\/p>\n\n\n\n<p>Stand 30.9.21 abgerissen<\/p>\n","protected":false},"excerpt":{"rendered":"<p>Mittelhaus 6, 8304 Wallisellen, Z\u00fcrich Stand 30.9.21 abgerissen<\/p>\n","protected":false},"author":2,"featured_media":2510,"comment_status":"open","ping_status":"open","sticky":false,"template":"","format":"standard","meta":{"jetpack_post_was_ever_published":false,"_jetpack_newsletter_access":"","_jetpack_dont_email_post_to_subs":false,"_jetpack_newsletter_tier_id":0,"_jetpack_memberships_contains_paywalled_content":false,"_jetpack_memberships_contains_paid_content":false,"footnotes":"","jetpack_publicize_message":"","jetpack_publicize_feature_enabled":true,"jetpack_social_post_already_shared":true,"jetpack_social_options":{"image_generator_settings":{"template":"highway","default_image_id":0,"font":"","enabled":false},"version":2}},"categories":[4],"tags":[388,329,111,324,389,173,174,177,210,181,182,258],"class_list":["post-2509","post","type-post","status-publish","format-standard","has-post-thumbnail","hentry","category-blog-schweiz","tag-abandoned-house","tag-abandoned-places-switzerland","tag-lost-place","tag-lost-place-schweiz","tag-lost-place-suisse","tag-urban-decay","tag-urban-exploration","tag-urbex","tag-urbex-datenbank","tag-verlassene-gebaeude","tag-verlassene-haeuser","tag-verlassenes-haus"],"jetpack_publicize_connections":[],"jetpack_featured_media_url":"https:\/\/i0.wp.com\/urbex-datenbank.ch\/urbex\/wp-content\/uploads\/2020\/02\/IMG_20200209_092811_685_1.jpg?fit=1000%2C562&ssl=1","jetpack_sharing_enabled":true,"jetpack_shortlink":"https:\/\/wp.me\/paAVVs-Et","jetpack-related-posts":[{"id":2138,"url":"https:\/\/urbex-datenbank.ch\/urbex\/2019\/08\/19\/haus-mit-werkstatt-meggen\/","url_meta":{"origin":2509,"position":0},"title":"Haus mit Werkstatt Meggen","author":"Admin","date":"August 19, 2019","format":false,"excerpt":"Gotthardstrasse 49, 6045 Meggen, Luzern Stand 18.6.20 abgerissen","rel":"","context":"In &quot;Blog Schweiz&quot;","block_context":{"text":"Blog Schweiz","link":"https:\/\/urbex-datenbank.ch\/urbex\/category\/blog-schweiz\/"},"img":{"alt_text":"","src":"https:\/\/i0.wp.com\/urbex-datenbank.ch\/urbex\/wp-content\/uploads\/2019\/08\/IMG-5145.jpg?fit=1200%2C900&ssl=1&resize=350%2C200","width":350,"height":200,"srcset":"https:\/\/i0.wp.com\/urbex-datenbank.ch\/urbex\/wp-content\/uploads\/2019\/08\/IMG-5145.jpg?fit=1200%2C900&ssl=1&resize=350%2C200 1x, https:\/\/i0.wp.com\/urbex-datenbank.ch\/urbex\/wp-content\/uploads\/2019\/08\/IMG-5145.jpg?fit=1200%2C900&ssl=1&resize=525%2C300 1.5x, https:\/\/i0.wp.com\/urbex-datenbank.ch\/urbex\/wp-content\/uploads\/2019\/08\/IMG-5145.jpg?fit=1200%2C900&ssl=1&resize=700%2C400 2x, https:\/\/i0.wp.com\/urbex-datenbank.ch\/urbex\/wp-content\/uploads\/2019\/08\/IMG-5145.jpg?fit=1200%2C900&ssl=1&resize=1050%2C600 3x"},"classes":[]},{"id":3098,"url":"https:\/\/urbex-datenbank.ch\/urbex\/2021\/03\/21\/haus-haegglingen\/","url_meta":{"origin":2509,"position":1},"title":"Haus H\u00e4gglingen","author":"Admin","date":"M\u00e4rz 21, 2021","format":false,"excerpt":"Eichgasse 5, 5607 H\u00e4gglingen, Aargau Stand 7.3.22 abgerissen","rel":"","context":"In &quot;Blog Schweiz&quot;","block_context":{"text":"Blog Schweiz","link":"https:\/\/urbex-datenbank.ch\/urbex\/category\/blog-schweiz\/"},"img":{"alt_text":"","src":"https:\/\/i0.wp.com\/urbex-datenbank.ch\/urbex\/wp-content\/uploads\/2021\/03\/20210318_143244-scaled.jpg?fit=1200%2C900&ssl=1&resize=350%2C200","width":350,"height":200,"srcset":"https:\/\/i0.wp.com\/urbex-datenbank.ch\/urbex\/wp-content\/uploads\/2021\/03\/20210318_143244-scaled.jpg?fit=1200%2C900&ssl=1&resize=350%2C200 1x, https:\/\/i0.wp.com\/urbex-datenbank.ch\/urbex\/wp-content\/uploads\/2021\/03\/20210318_143244-scaled.jpg?fit=1200%2C900&ssl=1&resize=525%2C300 1.5x, https:\/\/i0.wp.com\/urbex-datenbank.ch\/urbex\/wp-content\/uploads\/2021\/03\/20210318_143244-scaled.jpg?fit=1200%2C900&ssl=1&resize=700%2C400 2x, https:\/\/i0.wp.com\/urbex-datenbank.ch\/urbex\/wp-content\/uploads\/2021\/03\/20210318_143244-scaled.jpg?fit=1200%2C900&ssl=1&resize=1050%2C600 3x"},"classes":[]},{"id":3218,"url":"https:\/\/urbex-datenbank.ch\/urbex\/2021\/07\/30\/haus-moutier\/","url_meta":{"origin":2509,"position":2},"title":"Haus Moutier","author":"Admin","date":"Juli 30, 2021","format":false,"excerpt":"Quartier de la Verrerie 2, 2740 Moutier, Bern Stand 23.8.22 im Umbau","rel":"","context":"In &quot;Blog Schweiz&quot;","block_context":{"text":"Blog Schweiz","link":"https:\/\/urbex-datenbank.ch\/urbex\/category\/blog-schweiz\/"},"img":{"alt_text":"","src":"https:\/\/i0.wp.com\/urbex-datenbank.ch\/urbex\/wp-content\/uploads\/2021\/07\/P6038352a.jpg?fit=1200%2C900&ssl=1&resize=350%2C200","width":350,"height":200,"srcset":"https:\/\/i0.wp.com\/urbex-datenbank.ch\/urbex\/wp-content\/uploads\/2021\/07\/P6038352a.jpg?fit=1200%2C900&ssl=1&resize=350%2C200 1x, https:\/\/i0.wp.com\/urbex-datenbank.ch\/urbex\/wp-content\/uploads\/2021\/07\/P6038352a.jpg?fit=1200%2C900&ssl=1&resize=525%2C300 1.5x, https:\/\/i0.wp.com\/urbex-datenbank.ch\/urbex\/wp-content\/uploads\/2021\/07\/P6038352a.jpg?fit=1200%2C900&ssl=1&resize=700%2C400 2x, https:\/\/i0.wp.com\/urbex-datenbank.ch\/urbex\/wp-content\/uploads\/2021\/07\/P6038352a.jpg?fit=1200%2C900&ssl=1&resize=1050%2C600 3x"},"classes":[]},{"id":2132,"url":"https:\/\/urbex-datenbank.ch\/urbex\/2019\/08\/18\/haus-biberist\/","url_meta":{"origin":2509,"position":3},"title":"Haus Biberist","author":"Admin","date":"August 18, 2019","format":false,"excerpt":"Hauptstrasse 39, 4562 Biberist, Solothurn Stand 2.1.21 abgerissen","rel":"","context":"In &quot;Blog Schweiz&quot;","block_context":{"text":"Blog Schweiz","link":"https:\/\/urbex-datenbank.ch\/urbex\/category\/blog-schweiz\/"},"img":{"alt_text":"","src":"https:\/\/i0.wp.com\/urbex-datenbank.ch\/urbex\/wp-content\/uploads\/2019\/08\/Screenshot_20190818_204047.jpg?fit=1080%2C587&ssl=1&resize=350%2C200","width":350,"height":200,"srcset":"https:\/\/i0.wp.com\/urbex-datenbank.ch\/urbex\/wp-content\/uploads\/2019\/08\/Screenshot_20190818_204047.jpg?fit=1080%2C587&ssl=1&resize=350%2C200 1x, https:\/\/i0.wp.com\/urbex-datenbank.ch\/urbex\/wp-content\/uploads\/2019\/08\/Screenshot_20190818_204047.jpg?fit=1080%2C587&ssl=1&resize=525%2C300 1.5x, https:\/\/i0.wp.com\/urbex-datenbank.ch\/urbex\/wp-content\/uploads\/2019\/08\/Screenshot_20190818_204047.jpg?fit=1080%2C587&ssl=1&resize=700%2C400 2x, https:\/\/i0.wp.com\/urbex-datenbank.ch\/urbex\/wp-content\/uploads\/2019\/08\/Screenshot_20190818_204047.jpg?fit=1080%2C587&ssl=1&resize=1050%2C600 3x"},"classes":[]},{"id":2359,"url":"https:\/\/urbex-datenbank.ch\/urbex\/2019\/12\/04\/haus-montreux\/","url_meta":{"origin":2509,"position":4},"title":"Haus Montreux","author":"Admin","date":"Dezember 4, 2019","format":false,"excerpt":"Sentier de Rosemont 12, 1820 Montreux, Waadt","rel":"","context":"In &quot;Blog Schweiz&quot;","block_context":{"text":"Blog Schweiz","link":"https:\/\/urbex-datenbank.ch\/urbex\/category\/blog-schweiz\/"},"img":{"alt_text":"","src":"https:\/\/i0.wp.com\/urbex-datenbank.ch\/urbex\/wp-content\/uploads\/2019\/12\/IMG_20191204_215049_890.jpg?fit=1008%2C756&ssl=1&resize=350%2C200","width":350,"height":200,"srcset":"https:\/\/i0.wp.com\/urbex-datenbank.ch\/urbex\/wp-content\/uploads\/2019\/12\/IMG_20191204_215049_890.jpg?fit=1008%2C756&ssl=1&resize=350%2C200 1x, https:\/\/i0.wp.com\/urbex-datenbank.ch\/urbex\/wp-content\/uploads\/2019\/12\/IMG_20191204_215049_890.jpg?fit=1008%2C756&ssl=1&resize=525%2C300 1.5x, https:\/\/i0.wp.com\/urbex-datenbank.ch\/urbex\/wp-content\/uploads\/2019\/12\/IMG_20191204_215049_890.jpg?fit=1008%2C756&ssl=1&resize=700%2C400 2x"},"classes":[]},{"id":2337,"url":"https:\/\/urbex-datenbank.ch\/urbex\/2019\/11\/11\/haus-brugg\/","url_meta":{"origin":2509,"position":5},"title":"Haus Brugg","author":"Admin","date":"November 11, 2019","format":false,"excerpt":"Zurzacherstrasse 70, 5200 Brugg, Aargau Stand 18.11.22 abgerissen","rel":"","context":"In &quot;Blog Schweiz&quot;","block_context":{"text":"Blog Schweiz","link":"https:\/\/urbex-datenbank.ch\/urbex\/category\/blog-schweiz\/"},"img":{"alt_text":"","src":"https:\/\/i0.wp.com\/urbex-datenbank.ch\/urbex\/wp-content\/uploads\/2019\/11\/Screenshot_20191111_004638_com.instagram.android_1.jpg?fit=1080%2C607&ssl=1&resize=350%2C200","width":350,"height":200,"srcset":"https:\/\/i0.wp.com\/urbex-datenbank.ch\/urbex\/wp-content\/uploads\/2019\/11\/Screenshot_20191111_004638_com.instagram.android_1.jpg?fit=1080%2C607&ssl=1&resize=350%2C200 1x, https:\/\/i0.wp.com\/urbex-datenbank.ch\/urbex\/wp-content\/uploads\/2019\/11\/Screenshot_20191111_004638_com.instagram.android_1.jpg?fit=1080%2C607&ssl=1&resize=525%2C300 1.5x, https:\/\/i0.wp.com\/urbex-datenbank.ch\/urbex\/wp-content\/uploads\/2019\/11\/Screenshot_20191111_004638_com.instagram.android_1.jpg?fit=1080%2C607&ssl=1&resize=700%2C400 2x, https:\/\/i0.wp.com\/urbex-datenbank.ch\/urbex\/wp-content\/uploads\/2019\/11\/Screenshot_20191111_004638_com.instagram.android_1.jpg?fit=1080%2C607&ssl=1&resize=1050%2C600 3x"},"classes":[]}],"_links":{"self":[{"href":"https:\/\/urbex-datenbank.ch\/urbex\/wp-json\/wp\/v2\/posts\/2509","targetHints":{"allow":["GET"]}}],"collection":[{"href":"https:\/\/urbex-datenbank.ch\/urbex\/wp-json\/wp\/v2\/posts"}],"about":[{"href":"https:\/\/urbex-datenbank.ch\/urbex\/wp-json\/wp\/v2\/types\/post"}],"author":[{"embeddable":true,"href":"https:\/\/urbex-datenbank.ch\/urbex\/wp-json\/wp\/v2\/users\/2"}],"replies":[{"embeddable":true,"href":"https:\/\/urbex-datenbank.ch\/urbex\/wp-json\/wp\/v2\/comments?post=2509"}],"version-history":[{"count":3,"href":"https:\/\/urbex-datenbank.ch\/urbex\/wp-json\/wp\/v2\/posts\/2509\/revisions"}],"predecessor-version":[{"id":3279,"href":"https:\/\/urbex-datenbank.ch\/urbex\/wp-json\/wp\/v2\/posts\/2509\/revisions\/3279"}],"wp:featuredmedia":[{"embeddable":true,"href":"https:\/\/urbex-datenbank.ch\/urbex\/wp-json\/wp\/v2\/media\/2510"}],"wp:attachment":[{"href":"https:\/\/urbex-datenbank.ch\/urbex\/wp-json\/wp\/v2\/media?parent=2509"}],"wp:term":[{"taxonomy":"category","embeddable":true,"href":"https:\/\/urbex-datenbank.ch\/urbex\/wp-json\/wp\/v2\/categories?post=2509"},{"taxonomy":"post_tag","embeddable":true,"href":"https:\/\/urbex-datenbank.ch\/urbex\/wp-json\/wp\/v2\/tags?post=2509"}],"curies":[{"name":"wp","href":"https:\/\/api.w.org\/{rel}","templated":true}]}}