{"id":1880,"date":"2019-04-17T18:22:49","date_gmt":"2019-04-17T17:22:49","guid":{"rendered":"http:\/\/urbex-datenbank.ch\/urbex\/?p=1880"},"modified":"2025-09-22T18:57:41","modified_gmt":"2025-09-22T17:57:41","slug":"haus-oberglatt","status":"publish","type":"post","link":"https:\/\/urbex-datenbank.ch\/urbex\/2019\/04\/17\/haus-oberglatt\/","title":{"rendered":"Haus Oberglatt"},"content":{"rendered":"\n<p>Z\u00fcrcherstrasse 51, 8154 Oberglatt, Z\u00fcrich<\/p>\n\n\n\n<p>Stand 22.9.25 abgerissen<\/p>\n","protected":false},"excerpt":{"rendered":"<p>Z\u00fcrcherstrasse 51, 8154 Oberglatt, Z\u00fcrich Stand 22.9.25 abgerissen<\/p>\n","protected":false},"author":2,"featured_media":1877,"comment_status":"open","ping_status":"open","sticky":false,"template":"","format":"standard","meta":{"jetpack_post_was_ever_published":false,"_jetpack_newsletter_access":"","_jetpack_dont_email_post_to_subs":false,"_jetpack_newsletter_tier_id":0,"_jetpack_memberships_contains_paywalled_content":false,"_jetpack_memberships_contains_paid_content":false,"footnotes":"","jetpack_publicize_message":"","jetpack_publicize_feature_enabled":true,"jetpack_social_post_already_shared":true,"jetpack_social_options":{"image_generator_settings":{"template":"highway","default_image_id":0,"font":"","enabled":false},"version":2}},"categories":[4],"tags":[8,243,211,111,112,174,175,177,210,181,182,258],"class_list":["post-1880","post","type-post","status-publish","format-standard","has-post-thumbnail","hentry","category-blog-schweiz","tag-abandoned","tag-abandonne","tag-lost","tag-lost-place","tag-lost-places","tag-urban-exploration","tag-urban-explorer","tag-urbex","tag-urbex-datenbank","tag-verlassene-gebaeude","tag-verlassene-haeuser","tag-verlassenes-haus"],"jetpack_publicize_connections":[],"jetpack_featured_media_url":"https:\/\/i0.wp.com\/urbex-datenbank.ch\/urbex\/wp-content\/uploads\/2019\/04\/IMG_20190417_181707_950.jpg?fit=1080%2C810&ssl=1","jetpack_sharing_enabled":true,"jetpack_shortlink":"https:\/\/wp.me\/paAVVs-uk","jetpack-related-posts":[{"id":1761,"url":"https:\/\/urbex-datenbank.ch\/urbex\/2019\/03\/17\/haus-thunstetten\/","url_meta":{"origin":1880,"position":0},"title":"Haus Thunstetten","author":"Admin","date":"M\u00e4rz 17, 2019","format":false,"excerpt":"Bernstrasse 22, 4922 Thunstetten, Bern","rel":"","context":"In &quot;Blog Schweiz&quot;","block_context":{"text":"Blog Schweiz","link":"https:\/\/urbex-datenbank.ch\/urbex\/category\/blog-schweiz\/"},"img":{"alt_text":"","src":"https:\/\/i0.wp.com\/urbex-datenbank.ch\/urbex\/wp-content\/uploads\/2019\/03\/IMG_20190317_11532301.jpg?fit=1200%2C675&ssl=1&resize=350%2C200","width":350,"height":200,"srcset":"https:\/\/i0.wp.com\/urbex-datenbank.ch\/urbex\/wp-content\/uploads\/2019\/03\/IMG_20190317_11532301.jpg?fit=1200%2C675&ssl=1&resize=350%2C200 1x, https:\/\/i0.wp.com\/urbex-datenbank.ch\/urbex\/wp-content\/uploads\/2019\/03\/IMG_20190317_11532301.jpg?fit=1200%2C675&ssl=1&resize=525%2C300 1.5x, https:\/\/i0.wp.com\/urbex-datenbank.ch\/urbex\/wp-content\/uploads\/2019\/03\/IMG_20190317_11532301.jpg?fit=1200%2C675&ssl=1&resize=700%2C400 2x, https:\/\/i0.wp.com\/urbex-datenbank.ch\/urbex\/wp-content\/uploads\/2019\/03\/IMG_20190317_11532301.jpg?fit=1200%2C675&ssl=1&resize=1050%2C600 3x"},"classes":[]},{"id":1729,"url":"https:\/\/urbex-datenbank.ch\/urbex\/2019\/03\/03\/haus-villigen\/","url_meta":{"origin":1880,"position":1},"title":"Haus Villigen","author":"Admin","date":"M\u00e4rz 3, 2019","format":false,"excerpt":"Hauptstrasse 2, 5234 Villigen, Aargau Stand 14.5.20 abgerissen","rel":"","context":"In &quot;Blog Schweiz&quot;","block_context":{"text":"Blog Schweiz","link":"https:\/\/urbex-datenbank.ch\/urbex\/category\/blog-schweiz\/"},"img":{"alt_text":"","src":"https:\/\/i0.wp.com\/urbex-datenbank.ch\/urbex\/wp-content\/uploads\/2019\/03\/IMG_20190303_13383701.jpg?fit=1200%2C675&ssl=1&resize=350%2C200","width":350,"height":200,"srcset":"https:\/\/i0.wp.com\/urbex-datenbank.ch\/urbex\/wp-content\/uploads\/2019\/03\/IMG_20190303_13383701.jpg?fit=1200%2C675&ssl=1&resize=350%2C200 1x, https:\/\/i0.wp.com\/urbex-datenbank.ch\/urbex\/wp-content\/uploads\/2019\/03\/IMG_20190303_13383701.jpg?fit=1200%2C675&ssl=1&resize=525%2C300 1.5x, https:\/\/i0.wp.com\/urbex-datenbank.ch\/urbex\/wp-content\/uploads\/2019\/03\/IMG_20190303_13383701.jpg?fit=1200%2C675&ssl=1&resize=700%2C400 2x, https:\/\/i0.wp.com\/urbex-datenbank.ch\/urbex\/wp-content\/uploads\/2019\/03\/IMG_20190303_13383701.jpg?fit=1200%2C675&ssl=1&resize=1050%2C600 3x"},"classes":[]},{"id":1845,"url":"https:\/\/urbex-datenbank.ch\/urbex\/2019\/04\/07\/haus-duebendorf\/","url_meta":{"origin":1880,"position":2},"title":"Haus D\u00fcbendorf","author":"Admin","date":"April 7, 2019","format":false,"excerpt":"Dietlikonstrasse 18, 8600 D\u00fcbendorf, Z\u00fcrich Stand 6.5.21 abgerissen","rel":"","context":"In &quot;Blog Schweiz&quot;","block_context":{"text":"Blog Schweiz","link":"https:\/\/urbex-datenbank.ch\/urbex\/category\/blog-schweiz\/"},"img":{"alt_text":"","src":"https:\/\/i0.wp.com\/urbex-datenbank.ch\/urbex\/wp-content\/uploads\/2019\/04\/IMG_20190407_14114501.jpg?fit=1200%2C675&ssl=1&resize=350%2C200","width":350,"height":200,"srcset":"https:\/\/i0.wp.com\/urbex-datenbank.ch\/urbex\/wp-content\/uploads\/2019\/04\/IMG_20190407_14114501.jpg?fit=1200%2C675&ssl=1&resize=350%2C200 1x, https:\/\/i0.wp.com\/urbex-datenbank.ch\/urbex\/wp-content\/uploads\/2019\/04\/IMG_20190407_14114501.jpg?fit=1200%2C675&ssl=1&resize=525%2C300 1.5x, https:\/\/i0.wp.com\/urbex-datenbank.ch\/urbex\/wp-content\/uploads\/2019\/04\/IMG_20190407_14114501.jpg?fit=1200%2C675&ssl=1&resize=700%2C400 2x, https:\/\/i0.wp.com\/urbex-datenbank.ch\/urbex\/wp-content\/uploads\/2019\/04\/IMG_20190407_14114501.jpg?fit=1200%2C675&ssl=1&resize=1050%2C600 3x"},"classes":[]},{"id":1544,"url":"https:\/\/urbex-datenbank.ch\/urbex\/2018\/12\/18\/haus-altstaetten\/","url_meta":{"origin":1880,"position":3},"title":"Haus Altst\u00e4tten","author":"Admin","date":"Dezember 18, 2018","format":false,"excerpt":"Br\u00fcggliweg 5, 9450 Altst\u00e4tten, St. Gallen","rel":"","context":"In &quot;Blog Schweiz&quot;","block_context":{"text":"Blog Schweiz","link":"https:\/\/urbex-datenbank.ch\/urbex\/category\/blog-schweiz\/"},"img":{"alt_text":"","src":"https:\/\/i0.wp.com\/urbex-datenbank.ch\/urbex\/wp-content\/uploads\/2018\/12\/IMG_20181215_114133.jpg?fit=1200%2C675&ssl=1&resize=350%2C200","width":350,"height":200,"srcset":"https:\/\/i0.wp.com\/urbex-datenbank.ch\/urbex\/wp-content\/uploads\/2018\/12\/IMG_20181215_114133.jpg?fit=1200%2C675&ssl=1&resize=350%2C200 1x, https:\/\/i0.wp.com\/urbex-datenbank.ch\/urbex\/wp-content\/uploads\/2018\/12\/IMG_20181215_114133.jpg?fit=1200%2C675&ssl=1&resize=525%2C300 1.5x, https:\/\/i0.wp.com\/urbex-datenbank.ch\/urbex\/wp-content\/uploads\/2018\/12\/IMG_20181215_114133.jpg?fit=1200%2C675&ssl=1&resize=700%2C400 2x, https:\/\/i0.wp.com\/urbex-datenbank.ch\/urbex\/wp-content\/uploads\/2018\/12\/IMG_20181215_114133.jpg?fit=1200%2C675&ssl=1&resize=1050%2C600 3x"},"classes":[]},{"id":1667,"url":"https:\/\/urbex-datenbank.ch\/urbex\/2019\/02\/09\/haus-seengen\/","url_meta":{"origin":1880,"position":4},"title":"Haus Seengen","author":"Admin","date":"Februar 9, 2019","format":false,"excerpt":"Brestenbergstrasse 13, 5707 Seengen, Aargau Stand 15.10.20 abgerissen","rel":"","context":"In &quot;Blog Schweiz&quot;","block_context":{"text":"Blog Schweiz","link":"https:\/\/urbex-datenbank.ch\/urbex\/category\/blog-schweiz\/"},"img":{"alt_text":"","src":"https:\/\/i0.wp.com\/urbex-datenbank.ch\/urbex\/wp-content\/uploads\/2019\/02\/IMG_20190209_193605.png?fit=1200%2C674&ssl=1&resize=350%2C200","width":350,"height":200,"srcset":"https:\/\/i0.wp.com\/urbex-datenbank.ch\/urbex\/wp-content\/uploads\/2019\/02\/IMG_20190209_193605.png?fit=1200%2C674&ssl=1&resize=350%2C200 1x, https:\/\/i0.wp.com\/urbex-datenbank.ch\/urbex\/wp-content\/uploads\/2019\/02\/IMG_20190209_193605.png?fit=1200%2C674&ssl=1&resize=525%2C300 1.5x, https:\/\/i0.wp.com\/urbex-datenbank.ch\/urbex\/wp-content\/uploads\/2019\/02\/IMG_20190209_193605.png?fit=1200%2C674&ssl=1&resize=700%2C400 2x, https:\/\/i0.wp.com\/urbex-datenbank.ch\/urbex\/wp-content\/uploads\/2019\/02\/IMG_20190209_193605.png?fit=1200%2C674&ssl=1&resize=1050%2C600 3x"},"classes":[]},{"id":1671,"url":"https:\/\/urbex-datenbank.ch\/urbex\/2019\/02\/10\/haus-koelliken\/","url_meta":{"origin":1880,"position":5},"title":"Haus K\u00f6lliken","author":"Admin","date":"Februar 10, 2019","format":false,"excerpt":"Oberhubelstrasse 16, 5742 K\u00f6lliken, Aargau Stand 30.5.19 abgerissen","rel":"","context":"In &quot;Blog Schweiz&quot;","block_context":{"text":"Blog Schweiz","link":"https:\/\/urbex-datenbank.ch\/urbex\/category\/blog-schweiz\/"},"img":{"alt_text":"","src":"https:\/\/i0.wp.com\/urbex-datenbank.ch\/urbex\/wp-content\/uploads\/2019\/02\/IMG_20190210_12542501.jpg?fit=1200%2C675&ssl=1&resize=350%2C200","width":350,"height":200,"srcset":"https:\/\/i0.wp.com\/urbex-datenbank.ch\/urbex\/wp-content\/uploads\/2019\/02\/IMG_20190210_12542501.jpg?fit=1200%2C675&ssl=1&resize=350%2C200 1x, https:\/\/i0.wp.com\/urbex-datenbank.ch\/urbex\/wp-content\/uploads\/2019\/02\/IMG_20190210_12542501.jpg?fit=1200%2C675&ssl=1&resize=525%2C300 1.5x, https:\/\/i0.wp.com\/urbex-datenbank.ch\/urbex\/wp-content\/uploads\/2019\/02\/IMG_20190210_12542501.jpg?fit=1200%2C675&ssl=1&resize=700%2C400 2x, https:\/\/i0.wp.com\/urbex-datenbank.ch\/urbex\/wp-content\/uploads\/2019\/02\/IMG_20190210_12542501.jpg?fit=1200%2C675&ssl=1&resize=1050%2C600 3x"},"classes":[]}],"_links":{"self":[{"href":"https:\/\/urbex-datenbank.ch\/urbex\/wp-json\/wp\/v2\/posts\/1880","targetHints":{"allow":["GET"]}}],"collection":[{"href":"https:\/\/urbex-datenbank.ch\/urbex\/wp-json\/wp\/v2\/posts"}],"about":[{"href":"https:\/\/urbex-datenbank.ch\/urbex\/wp-json\/wp\/v2\/types\/post"}],"author":[{"embeddable":true,"href":"https:\/\/urbex-datenbank.ch\/urbex\/wp-json\/wp\/v2\/users\/2"}],"replies":[{"embeddable":true,"href":"https:\/\/urbex-datenbank.ch\/urbex\/wp-json\/wp\/v2\/comments?post=1880"}],"version-history":[{"count":2,"href":"https:\/\/urbex-datenbank.ch\/urbex\/wp-json\/wp\/v2\/posts\/1880\/revisions"}],"predecessor-version":[{"id":3966,"href":"https:\/\/urbex-datenbank.ch\/urbex\/wp-json\/wp\/v2\/posts\/1880\/revisions\/3966"}],"wp:featuredmedia":[{"embeddable":true,"href":"https:\/\/urbex-datenbank.ch\/urbex\/wp-json\/wp\/v2\/media\/1877"}],"wp:attachment":[{"href":"https:\/\/urbex-datenbank.ch\/urbex\/wp-json\/wp\/v2\/media?parent=1880"}],"wp:term":[{"taxonomy":"category","embeddable":true,"href":"https:\/\/urbex-datenbank.ch\/urbex\/wp-json\/wp\/v2\/categories?post=1880"},{"taxonomy":"post_tag","embeddable":true,"href":"https:\/\/urbex-datenbank.ch\/urbex\/wp-json\/wp\/v2\/tags?post=1880"}],"curies":[{"name":"wp","href":"https:\/\/api.w.org\/{rel}","templated":true}]}}