{"id":1805,"date":"2019-03-31T16:55:24","date_gmt":"2019-03-31T15:55:24","guid":{"rendered":"http:\/\/urbex-datenbank.ch\/urbex\/?p=1805"},"modified":"2019-03-31T16:55:26","modified_gmt":"2019-03-31T15:55:26","slug":"marmorfabrik-deutschland","status":"publish","type":"post","link":"https:\/\/urbex-datenbank.ch\/urbex\/2019\/03\/31\/marmorfabrik-deutschland\/","title":{"rendered":"Marmorfabrik Deutschland"},"content":{"rendered":"\n<p>Im Schloss, Altengronau, 36391 Sinntal, Deutschland<\/p>\n","protected":false},"excerpt":{"rendered":"<p>Im Schloss, Altengronau, 36391 Sinntal, Deutschland<\/p>\n","protected":false},"author":2,"featured_media":1806,"comment_status":"open","ping_status":"open","sticky":false,"template":"","format":"standard","meta":{"jetpack_post_was_ever_published":false,"_jetpack_newsletter_access":"","_jetpack_dont_email_post_to_subs":false,"_jetpack_newsletter_tier_id":0,"_jetpack_memberships_contains_paywalled_content":false,"_jetpack_memberships_contains_paid_content":false,"footnotes":"","jetpack_publicize_message":"","jetpack_publicize_feature_enabled":true,"jetpack_social_post_already_shared":true,"jetpack_social_options":{"image_generator_settings":{"template":"highway","default_image_id":0,"font":"","enabled":false},"version":2}},"categories":[3],"tags":[8,243,211,111,112,286,173,174,175,177,210,180,220,181,182,184,258],"class_list":["post-1805","post","type-post","status-publish","format-standard","has-post-thumbnail","hentry","category-blog-ausland","tag-abandoned","tag-abandonne","tag-lost","tag-lost-place","tag-lost-places","tag-sinntal","tag-urban-decay","tag-urban-exploration","tag-urban-explorer","tag-urbex","tag-urbex-datenbank","tag-verlassen","tag-verlassene-fabrik","tag-verlassene-gebaeude","tag-verlassene-haeuser","tag-verlassene-orte","tag-verlassenes-haus"],"jetpack_publicize_connections":[],"jetpack_featured_media_url":"https:\/\/i0.wp.com\/urbex-datenbank.ch\/urbex\/wp-content\/uploads\/2019\/03\/IMG_20190331_17530601.jpg?fit=1080%2C608&ssl=1","jetpack_sharing_enabled":true,"jetpack_shortlink":"https:\/\/wp.me\/paAVVs-t7","jetpack-related-posts":[{"id":1808,"url":"https:\/\/urbex-datenbank.ch\/urbex\/2019\/03\/31\/kirche-deutschland\/","url_meta":{"origin":1805,"position":0},"title":"Kirche Deutschland","author":"Admin","date":"M\u00e4rz 31, 2019","format":false,"excerpt":"Hauptstrasse 7, 97782 Gr\u00e4fendorf, Deutschland","rel":"","context":"In &quot;Blog Ausland&quot;","block_context":{"text":"Blog Ausland","link":"https:\/\/urbex-datenbank.ch\/urbex\/category\/blog-ausland\/"},"img":{"alt_text":"","src":"https:\/\/i0.wp.com\/urbex-datenbank.ch\/urbex\/wp-content\/uploads\/2019\/03\/IMG_20190331_17562601.jpg?fit=1080%2C608&ssl=1&resize=350%2C200","width":350,"height":200,"srcset":"https:\/\/i0.wp.com\/urbex-datenbank.ch\/urbex\/wp-content\/uploads\/2019\/03\/IMG_20190331_17562601.jpg?fit=1080%2C608&ssl=1&resize=350%2C200 1x, https:\/\/i0.wp.com\/urbex-datenbank.ch\/urbex\/wp-content\/uploads\/2019\/03\/IMG_20190331_17562601.jpg?fit=1080%2C608&ssl=1&resize=525%2C300 1.5x, https:\/\/i0.wp.com\/urbex-datenbank.ch\/urbex\/wp-content\/uploads\/2019\/03\/IMG_20190331_17562601.jpg?fit=1080%2C608&ssl=1&resize=700%2C400 2x, https:\/\/i0.wp.com\/urbex-datenbank.ch\/urbex\/wp-content\/uploads\/2019\/03\/IMG_20190331_17562601.jpg?fit=1080%2C608&ssl=1&resize=1050%2C600 3x"},"classes":[]},{"id":1802,"url":"https:\/\/urbex-datenbank.ch\/urbex\/2019\/03\/31\/sanatorium-deutschland\/","url_meta":{"origin":1805,"position":1},"title":"Sanatorium Deutschland","author":"Admin","date":"M\u00e4rz 31, 2019","format":false,"excerpt":"Menzelstrasse 8, 97688 Bad Kissingen, Deutschland","rel":"","context":"In &quot;Blog Ausland&quot;","block_context":{"text":"Blog Ausland","link":"https:\/\/urbex-datenbank.ch\/urbex\/category\/blog-ausland\/"},"img":{"alt_text":"","src":"https:\/\/i0.wp.com\/urbex-datenbank.ch\/urbex\/wp-content\/uploads\/2019\/03\/IMG_20190331_17480801.jpg?fit=1080%2C608&ssl=1&resize=350%2C200","width":350,"height":200,"srcset":"https:\/\/i0.wp.com\/urbex-datenbank.ch\/urbex\/wp-content\/uploads\/2019\/03\/IMG_20190331_17480801.jpg?fit=1080%2C608&ssl=1&resize=350%2C200 1x, https:\/\/i0.wp.com\/urbex-datenbank.ch\/urbex\/wp-content\/uploads\/2019\/03\/IMG_20190331_17480801.jpg?fit=1080%2C608&ssl=1&resize=525%2C300 1.5x, https:\/\/i0.wp.com\/urbex-datenbank.ch\/urbex\/wp-content\/uploads\/2019\/03\/IMG_20190331_17480801.jpg?fit=1080%2C608&ssl=1&resize=700%2C400 2x, https:\/\/i0.wp.com\/urbex-datenbank.ch\/urbex\/wp-content\/uploads\/2019\/03\/IMG_20190331_17480801.jpg?fit=1080%2C608&ssl=1&resize=1050%2C600 3x"},"classes":[]},{"id":2834,"url":"https:\/\/urbex-datenbank.ch\/urbex\/2020\/10\/10\/buerogebaeude-deutschland\/","url_meta":{"origin":1805,"position":2},"title":"B\u00fcrogeb\u00e4ude Deutschland","author":"Admin","date":"Oktober 10, 2020","format":false,"excerpt":"Einsteinstrasse 9, 76275 Ettlingen, Deutschland Stand 30.5.22 abgerissen","rel":"","context":"In &quot;Blog Ausland&quot;","block_context":{"text":"Blog Ausland","link":"https:\/\/urbex-datenbank.ch\/urbex\/category\/blog-ausland\/"},"img":{"alt_text":"","src":"https:\/\/i0.wp.com\/urbex-datenbank.ch\/urbex\/wp-content\/uploads\/2020\/10\/IMG_20201010_225709_306.jpg?fit=750%2C562&ssl=1&resize=350%2C200","width":350,"height":200,"srcset":"https:\/\/i0.wp.com\/urbex-datenbank.ch\/urbex\/wp-content\/uploads\/2020\/10\/IMG_20201010_225709_306.jpg?fit=750%2C562&ssl=1&resize=350%2C200 1x, https:\/\/i0.wp.com\/urbex-datenbank.ch\/urbex\/wp-content\/uploads\/2020\/10\/IMG_20201010_225709_306.jpg?fit=750%2C562&ssl=1&resize=525%2C300 1.5x, https:\/\/i0.wp.com\/urbex-datenbank.ch\/urbex\/wp-content\/uploads\/2020\/10\/IMG_20201010_225709_306.jpg?fit=750%2C562&ssl=1&resize=700%2C400 2x"},"classes":[]},{"id":2778,"url":"https:\/\/urbex-datenbank.ch\/urbex\/2020\/08\/08\/fabrik-mit-wohnhaeusern-deutschland\/","url_meta":{"origin":1805,"position":3},"title":"Fabrik mit Wohnh\u00e4usern Deutschland","author":"Admin","date":"August 8, 2020","format":false,"excerpt":"Ausr\u00fcstung 1, 88239 Wangen im Allg\u00e4u, Deutschland","rel":"","context":"In &quot;Blog Ausland&quot;","block_context":{"text":"Blog Ausland","link":"https:\/\/urbex-datenbank.ch\/urbex\/category\/blog-ausland\/"},"img":{"alt_text":"","src":"https:\/\/i0.wp.com\/urbex-datenbank.ch\/urbex\/wp-content\/uploads\/2020\/08\/IMG_2584-scaled.jpg?fit=1200%2C800&ssl=1&resize=350%2C200","width":350,"height":200,"srcset":"https:\/\/i0.wp.com\/urbex-datenbank.ch\/urbex\/wp-content\/uploads\/2020\/08\/IMG_2584-scaled.jpg?fit=1200%2C800&ssl=1&resize=350%2C200 1x, https:\/\/i0.wp.com\/urbex-datenbank.ch\/urbex\/wp-content\/uploads\/2020\/08\/IMG_2584-scaled.jpg?fit=1200%2C800&ssl=1&resize=525%2C300 1.5x, https:\/\/i0.wp.com\/urbex-datenbank.ch\/urbex\/wp-content\/uploads\/2020\/08\/IMG_2584-scaled.jpg?fit=1200%2C800&ssl=1&resize=700%2C400 2x, https:\/\/i0.wp.com\/urbex-datenbank.ch\/urbex\/wp-content\/uploads\/2020\/08\/IMG_2584-scaled.jpg?fit=1200%2C800&ssl=1&resize=1050%2C600 3x"},"classes":[]},{"id":3844,"url":"https:\/\/urbex-datenbank.ch\/urbex\/2024\/10\/07\/bauernhof-deutschland\/","url_meta":{"origin":1805,"position":4},"title":"Bauernhof Deutschland","author":"Admin","date":"Oktober 7, 2024","format":false,"excerpt":"Sonnenb\u00fchlstrasse 87, 78464 Konstanz, Deutschland 47.67776858, 9.19492779 https:\/\/maps.app.goo.gl\/GD74vjS2gPGTUcm77","rel":"","context":"In &quot;Blog Ausland&quot;","block_context":{"text":"Blog Ausland","link":"https:\/\/urbex-datenbank.ch\/urbex\/category\/blog-ausland\/"},"img":{"alt_text":"","src":"https:\/\/i0.wp.com\/urbex-datenbank.ch\/urbex\/wp-content\/uploads\/2024\/10\/P1160062-scaled.jpg?fit=1200%2C900&ssl=1&resize=350%2C200","width":350,"height":200,"srcset":"https:\/\/i0.wp.com\/urbex-datenbank.ch\/urbex\/wp-content\/uploads\/2024\/10\/P1160062-scaled.jpg?fit=1200%2C900&ssl=1&resize=350%2C200 1x, https:\/\/i0.wp.com\/urbex-datenbank.ch\/urbex\/wp-content\/uploads\/2024\/10\/P1160062-scaled.jpg?fit=1200%2C900&ssl=1&resize=525%2C300 1.5x, https:\/\/i0.wp.com\/urbex-datenbank.ch\/urbex\/wp-content\/uploads\/2024\/10\/P1160062-scaled.jpg?fit=1200%2C900&ssl=1&resize=700%2C400 2x, https:\/\/i0.wp.com\/urbex-datenbank.ch\/urbex\/wp-content\/uploads\/2024\/10\/P1160062-scaled.jpg?fit=1200%2C900&ssl=1&resize=1050%2C600 3x"},"classes":[]},{"id":2248,"url":"https:\/\/urbex-datenbank.ch\/urbex\/2019\/10\/20\/papierfabrik-deutschland\/","url_meta":{"origin":1805,"position":5},"title":"Papierfabrik Deutschland","author":"Admin","date":"Oktober 20, 2019","format":false,"excerpt":"Ostenstrasse 5, 85221 Dachau, Deutschland 48.26359, 11.44098 Stand 28.2.24 im Abriss","rel":"","context":"In &quot;Blog Ausland&quot;","block_context":{"text":"Blog Ausland","link":"https:\/\/urbex-datenbank.ch\/urbex\/category\/blog-ausland\/"},"img":{"alt_text":"","src":"https:\/\/i0.wp.com\/urbex-datenbank.ch\/urbex\/wp-content\/uploads\/2019\/10\/IMG_1487_Bildgr%C3%B6%C3%9Fe-%C3%A4ndern.jpg?fit=800%2C533&ssl=1&resize=350%2C200","width":350,"height":200,"srcset":"https:\/\/i0.wp.com\/urbex-datenbank.ch\/urbex\/wp-content\/uploads\/2019\/10\/IMG_1487_Bildgr%C3%B6%C3%9Fe-%C3%A4ndern.jpg?fit=800%2C533&ssl=1&resize=350%2C200 1x, https:\/\/i0.wp.com\/urbex-datenbank.ch\/urbex\/wp-content\/uploads\/2019\/10\/IMG_1487_Bildgr%C3%B6%C3%9Fe-%C3%A4ndern.jpg?fit=800%2C533&ssl=1&resize=525%2C300 1.5x, https:\/\/i0.wp.com\/urbex-datenbank.ch\/urbex\/wp-content\/uploads\/2019\/10\/IMG_1487_Bildgr%C3%B6%C3%9Fe-%C3%A4ndern.jpg?fit=800%2C533&ssl=1&resize=700%2C400 2x"},"classes":[]}],"_links":{"self":[{"href":"https:\/\/urbex-datenbank.ch\/urbex\/wp-json\/wp\/v2\/posts\/1805","targetHints":{"allow":["GET"]}}],"collection":[{"href":"https:\/\/urbex-datenbank.ch\/urbex\/wp-json\/wp\/v2\/posts"}],"about":[{"href":"https:\/\/urbex-datenbank.ch\/urbex\/wp-json\/wp\/v2\/types\/post"}],"author":[{"embeddable":true,"href":"https:\/\/urbex-datenbank.ch\/urbex\/wp-json\/wp\/v2\/users\/2"}],"replies":[{"embeddable":true,"href":"https:\/\/urbex-datenbank.ch\/urbex\/wp-json\/wp\/v2\/comments?post=1805"}],"version-history":[{"count":1,"href":"https:\/\/urbex-datenbank.ch\/urbex\/wp-json\/wp\/v2\/posts\/1805\/revisions"}],"predecessor-version":[{"id":1807,"href":"https:\/\/urbex-datenbank.ch\/urbex\/wp-json\/wp\/v2\/posts\/1805\/revisions\/1807"}],"wp:featuredmedia":[{"embeddable":true,"href":"https:\/\/urbex-datenbank.ch\/urbex\/wp-json\/wp\/v2\/media\/1806"}],"wp:attachment":[{"href":"https:\/\/urbex-datenbank.ch\/urbex\/wp-json\/wp\/v2\/media?parent=1805"}],"wp:term":[{"taxonomy":"category","embeddable":true,"href":"https:\/\/urbex-datenbank.ch\/urbex\/wp-json\/wp\/v2\/categories?post=1805"},{"taxonomy":"post_tag","embeddable":true,"href":"https:\/\/urbex-datenbank.ch\/urbex\/wp-json\/wp\/v2\/tags?post=1805"}],"curies":[{"name":"wp","href":"https:\/\/api.w.org\/{rel}","templated":true}]}}