{"id":1732,"date":"2019-03-06T17:45:22","date_gmt":"2019-03-06T16:45:22","guid":{"rendered":"http:\/\/urbex-datenbank.ch\/urbex\/?p=1732"},"modified":"2021-03-29T15:21:28","modified_gmt":"2021-03-29T14:21:28","slug":"fabrik-horw","status":"publish","type":"post","link":"https:\/\/urbex-datenbank.ch\/urbex\/2019\/03\/06\/fabrik-horw\/","title":{"rendered":"Fabrik Horw"},"content":{"rendered":"\n<p>Allmendstrasse 5, 6048 Horw, Luzern<\/p>\n\n\n\n<p>Stand 29.3.21 abgerissen<\/p>\n","protected":false},"excerpt":{"rendered":"<p>Allmendstrasse 5, 6048 Horw, Luzern Stand 29.3.21 abgerissen<\/p>\n","protected":false},"author":2,"featured_media":1733,"comment_status":"open","ping_status":"open","sticky":false,"template":"","format":"standard","meta":{"jetpack_post_was_ever_published":false,"_jetpack_newsletter_access":"","_jetpack_dont_email_post_to_subs":false,"_jetpack_newsletter_tier_id":0,"_jetpack_memberships_contains_paywalled_content":false,"_jetpack_memberships_contains_paid_content":false,"footnotes":"","jetpack_publicize_message":"","jetpack_publicize_feature_enabled":true,"jetpack_social_post_already_shared":true,"jetpack_social_options":{"image_generator_settings":{"template":"highway","default_image_id":0,"font":"","enabled":false},"version":2}},"categories":[4],"tags":[8,243,211,111,112,173,174,175,176,177,210,180,220,181,182,184,258],"class_list":["post-1732","post","type-post","status-publish","format-standard","has-post-thumbnail","hentry","category-blog-schweiz","tag-abandoned","tag-abandonne","tag-lost","tag-lost-place","tag-lost-places","tag-urban-decay","tag-urban-exploration","tag-urban-explorer","tag-urbandecay","tag-urbex","tag-urbex-datenbank","tag-verlassen","tag-verlassene-fabrik","tag-verlassene-gebaeude","tag-verlassene-haeuser","tag-verlassene-orte","tag-verlassenes-haus"],"jetpack_publicize_connections":[],"jetpack_featured_media_url":"https:\/\/i0.wp.com\/urbex-datenbank.ch\/urbex\/wp-content\/uploads\/2019\/03\/IMG_20190306_174338.jpg?fit=4032%2C2265&ssl=1","jetpack_sharing_enabled":true,"jetpack_shortlink":"https:\/\/wp.me\/paAVVs-rW","jetpack-related-posts":[{"id":1688,"url":"https:\/\/urbex-datenbank.ch\/urbex\/2019\/02\/15\/fabrik-subingen\/","url_meta":{"origin":1732,"position":0},"title":"Fabrik Subingen","author":"Admin","date":"Februar 15, 2019","format":false,"excerpt":"Schulhausstrasse 2, 4553 Subingen, Solothurn Stand 22.12.20 abgerissen","rel":"","context":"In &quot;Blog Schweiz&quot;","block_context":{"text":"Blog Schweiz","link":"https:\/\/urbex-datenbank.ch\/urbex\/category\/blog-schweiz\/"},"img":{"alt_text":"","src":"https:\/\/i0.wp.com\/urbex-datenbank.ch\/urbex\/wp-content\/uploads\/2019\/02\/IMG_20190215_221932.jpg?fit=1200%2C674&ssl=1&resize=350%2C200","width":350,"height":200,"srcset":"https:\/\/i0.wp.com\/urbex-datenbank.ch\/urbex\/wp-content\/uploads\/2019\/02\/IMG_20190215_221932.jpg?fit=1200%2C674&ssl=1&resize=350%2C200 1x, https:\/\/i0.wp.com\/urbex-datenbank.ch\/urbex\/wp-content\/uploads\/2019\/02\/IMG_20190215_221932.jpg?fit=1200%2C674&ssl=1&resize=525%2C300 1.5x, https:\/\/i0.wp.com\/urbex-datenbank.ch\/urbex\/wp-content\/uploads\/2019\/02\/IMG_20190215_221932.jpg?fit=1200%2C674&ssl=1&resize=700%2C400 2x, https:\/\/i0.wp.com\/urbex-datenbank.ch\/urbex\/wp-content\/uploads\/2019\/02\/IMG_20190215_221932.jpg?fit=1200%2C674&ssl=1&resize=1050%2C600 3x"},"classes":[]},{"id":2264,"url":"https:\/\/urbex-datenbank.ch\/urbex\/2019\/10\/20\/fabrik-sargans\/","url_meta":{"origin":1732,"position":1},"title":"Fabrik Sargans","author":"Admin","date":"Oktober 20, 2019","format":false,"excerpt":"Kreuzung Bergwerkweg und St. Gallerstrasse, 7320 Sargans, St. Gallen 47.052581,9.445531","rel":"","context":"In &quot;Blog Schweiz&quot;","block_context":{"text":"Blog Schweiz","link":"https:\/\/urbex-datenbank.ch\/urbex\/category\/blog-schweiz\/"},"img":{"alt_text":"","src":"https:\/\/i0.wp.com\/urbex-datenbank.ch\/urbex\/wp-content\/uploads\/2019\/10\/IMG_20191020_175935_415_1.jpg?fit=1080%2C607&ssl=1&resize=350%2C200","width":350,"height":200,"srcset":"https:\/\/i0.wp.com\/urbex-datenbank.ch\/urbex\/wp-content\/uploads\/2019\/10\/IMG_20191020_175935_415_1.jpg?fit=1080%2C607&ssl=1&resize=350%2C200 1x, https:\/\/i0.wp.com\/urbex-datenbank.ch\/urbex\/wp-content\/uploads\/2019\/10\/IMG_20191020_175935_415_1.jpg?fit=1080%2C607&ssl=1&resize=525%2C300 1.5x, https:\/\/i0.wp.com\/urbex-datenbank.ch\/urbex\/wp-content\/uploads\/2019\/10\/IMG_20191020_175935_415_1.jpg?fit=1080%2C607&ssl=1&resize=700%2C400 2x, https:\/\/i0.wp.com\/urbex-datenbank.ch\/urbex\/wp-content\/uploads\/2019\/10\/IMG_20191020_175935_415_1.jpg?fit=1080%2C607&ssl=1&resize=1050%2C600 3x"},"classes":[]},{"id":2778,"url":"https:\/\/urbex-datenbank.ch\/urbex\/2020\/08\/08\/fabrik-mit-wohnhaeusern-deutschland\/","url_meta":{"origin":1732,"position":2},"title":"Fabrik mit Wohnh\u00e4usern Deutschland","author":"Admin","date":"August 8, 2020","format":false,"excerpt":"Ausr\u00fcstung 1, 88239 Wangen im Allg\u00e4u, Deutschland","rel":"","context":"In &quot;Blog Ausland&quot;","block_context":{"text":"Blog Ausland","link":"https:\/\/urbex-datenbank.ch\/urbex\/category\/blog-ausland\/"},"img":{"alt_text":"","src":"https:\/\/i0.wp.com\/urbex-datenbank.ch\/urbex\/wp-content\/uploads\/2020\/08\/IMG_2584-scaled.jpg?fit=1200%2C800&ssl=1&resize=350%2C200","width":350,"height":200,"srcset":"https:\/\/i0.wp.com\/urbex-datenbank.ch\/urbex\/wp-content\/uploads\/2020\/08\/IMG_2584-scaled.jpg?fit=1200%2C800&ssl=1&resize=350%2C200 1x, https:\/\/i0.wp.com\/urbex-datenbank.ch\/urbex\/wp-content\/uploads\/2020\/08\/IMG_2584-scaled.jpg?fit=1200%2C800&ssl=1&resize=525%2C300 1.5x, https:\/\/i0.wp.com\/urbex-datenbank.ch\/urbex\/wp-content\/uploads\/2020\/08\/IMG_2584-scaled.jpg?fit=1200%2C800&ssl=1&resize=700%2C400 2x, https:\/\/i0.wp.com\/urbex-datenbank.ch\/urbex\/wp-content\/uploads\/2020\/08\/IMG_2584-scaled.jpg?fit=1200%2C800&ssl=1&resize=1050%2C600 3x"},"classes":[]},{"id":3118,"url":"https:\/\/urbex-datenbank.ch\/urbex\/2021\/04\/21\/fabrik-grenchen\/","url_meta":{"origin":1732,"position":3},"title":"Fabrik Grenchen","author":"Admin","date":"April 21, 2021","format":false,"excerpt":"Gibelstrasse 45, 2540 Grenchen, Solothurn","rel":"","context":"In &quot;Blog Schweiz&quot;","block_context":{"text":"Blog Schweiz","link":"https:\/\/urbex-datenbank.ch\/urbex\/category\/blog-schweiz\/"},"img":{"alt_text":"","src":"https:\/\/i0.wp.com\/urbex-datenbank.ch\/urbex\/wp-content\/uploads\/2021\/04\/image1-rotated.jpeg?fit=900%2C1200&ssl=1&resize=350%2C200","width":350,"height":200,"srcset":"https:\/\/i0.wp.com\/urbex-datenbank.ch\/urbex\/wp-content\/uploads\/2021\/04\/image1-rotated.jpeg?fit=900%2C1200&ssl=1&resize=350%2C200 1x, https:\/\/i0.wp.com\/urbex-datenbank.ch\/urbex\/wp-content\/uploads\/2021\/04\/image1-rotated.jpeg?fit=900%2C1200&ssl=1&resize=525%2C300 1.5x, https:\/\/i0.wp.com\/urbex-datenbank.ch\/urbex\/wp-content\/uploads\/2021\/04\/image1-rotated.jpeg?fit=900%2C1200&ssl=1&resize=700%2C400 2x"},"classes":[]},{"id":3427,"url":"https:\/\/urbex-datenbank.ch\/urbex\/2022\/02\/27\/fabrik-frankreich\/","url_meta":{"origin":1732,"position":4},"title":"Fabrik Frankreich","author":"Admin","date":"Februar 27, 2022","format":false,"excerpt":"1 Rue de la Papeterie, 68230 Turckheim, Frankreich 48.084628, 7.277452","rel":"","context":"In &quot;Blog Ausland&quot;","block_context":{"text":"Blog Ausland","link":"https:\/\/urbex-datenbank.ch\/urbex\/category\/blog-ausland\/"},"img":{"alt_text":"","src":"https:\/\/i0.wp.com\/urbex-datenbank.ch\/urbex\/wp-content\/uploads\/2022\/02\/P01.jpg?fit=1200%2C900&ssl=1&resize=350%2C200","width":350,"height":200,"srcset":"https:\/\/i0.wp.com\/urbex-datenbank.ch\/urbex\/wp-content\/uploads\/2022\/02\/P01.jpg?fit=1200%2C900&ssl=1&resize=350%2C200 1x, https:\/\/i0.wp.com\/urbex-datenbank.ch\/urbex\/wp-content\/uploads\/2022\/02\/P01.jpg?fit=1200%2C900&ssl=1&resize=525%2C300 1.5x, https:\/\/i0.wp.com\/urbex-datenbank.ch\/urbex\/wp-content\/uploads\/2022\/02\/P01.jpg?fit=1200%2C900&ssl=1&resize=700%2C400 2x, https:\/\/i0.wp.com\/urbex-datenbank.ch\/urbex\/wp-content\/uploads\/2022\/02\/P01.jpg?fit=1200%2C900&ssl=1&resize=1050%2C600 3x"},"classes":[]},{"id":3840,"url":"https:\/\/urbex-datenbank.ch\/urbex\/2024\/09\/10\/fabrik-menziken\/","url_meta":{"origin":1732,"position":5},"title":"Fabrik Menziken","author":"Admin","date":"September 10, 2024","format":false,"excerpt":"Badstrasse 12, 5737 Menziken, Aargau 47.2430712, 8.19065497 https:\/\/maps.app.goo.gl\/pnHgw8yh2dyvvaJx8","rel":"","context":"In &quot;Blog Schweiz&quot;","block_context":{"text":"Blog Schweiz","link":"https:\/\/urbex-datenbank.ch\/urbex\/category\/blog-schweiz\/"},"img":{"alt_text":"","src":"https:\/\/i0.wp.com\/urbex-datenbank.ch\/urbex\/wp-content\/uploads\/2024\/09\/WhatsApp-Bild-2024-09-09-um-15.08.36_95d6e67f.jpg?fit=598%2C1200&ssl=1&resize=350%2C200","width":350,"height":200,"srcset":"https:\/\/i0.wp.com\/urbex-datenbank.ch\/urbex\/wp-content\/uploads\/2024\/09\/WhatsApp-Bild-2024-09-09-um-15.08.36_95d6e67f.jpg?fit=598%2C1200&ssl=1&resize=350%2C200 1x, https:\/\/i0.wp.com\/urbex-datenbank.ch\/urbex\/wp-content\/uploads\/2024\/09\/WhatsApp-Bild-2024-09-09-um-15.08.36_95d6e67f.jpg?fit=598%2C1200&ssl=1&resize=525%2C300 1.5x"},"classes":[]}],"_links":{"self":[{"href":"https:\/\/urbex-datenbank.ch\/urbex\/wp-json\/wp\/v2\/posts\/1732","targetHints":{"allow":["GET"]}}],"collection":[{"href":"https:\/\/urbex-datenbank.ch\/urbex\/wp-json\/wp\/v2\/posts"}],"about":[{"href":"https:\/\/urbex-datenbank.ch\/urbex\/wp-json\/wp\/v2\/types\/post"}],"author":[{"embeddable":true,"href":"https:\/\/urbex-datenbank.ch\/urbex\/wp-json\/wp\/v2\/users\/2"}],"replies":[{"embeddable":true,"href":"https:\/\/urbex-datenbank.ch\/urbex\/wp-json\/wp\/v2\/comments?post=1732"}],"version-history":[{"count":4,"href":"https:\/\/urbex-datenbank.ch\/urbex\/wp-json\/wp\/v2\/posts\/1732\/revisions"}],"predecessor-version":[{"id":3103,"href":"https:\/\/urbex-datenbank.ch\/urbex\/wp-json\/wp\/v2\/posts\/1732\/revisions\/3103"}],"wp:featuredmedia":[{"embeddable":true,"href":"https:\/\/urbex-datenbank.ch\/urbex\/wp-json\/wp\/v2\/media\/1733"}],"wp:attachment":[{"href":"https:\/\/urbex-datenbank.ch\/urbex\/wp-json\/wp\/v2\/media?parent=1732"}],"wp:term":[{"taxonomy":"category","embeddable":true,"href":"https:\/\/urbex-datenbank.ch\/urbex\/wp-json\/wp\/v2\/categories?post=1732"},{"taxonomy":"post_tag","embeddable":true,"href":"https:\/\/urbex-datenbank.ch\/urbex\/wp-json\/wp\/v2\/tags?post=1732"}],"curies":[{"name":"wp","href":"https:\/\/api.w.org\/{rel}","templated":true}]}}