{"id":1491,"date":"2018-12-16T15:50:51","date_gmt":"2018-12-16T15:50:51","guid":{"rendered":"http:\/\/urbex-datenbank.ch\/urbex\/?p=1491"},"modified":"2018-12-18T21:05:57","modified_gmt":"2018-12-18T21:05:57","slug":"lieblingsbilder","status":"publish","type":"post","link":"https:\/\/urbex-datenbank.ch\/urbex\/2018\/12\/16\/lieblingsbilder\/","title":{"rendered":"Lieblingsbilder"},"content":{"rendered":"\n<p style=\"text-align:left\">Liebe UrbexerInnen<\/p>\n\n\n\n<p style=\"text-align:left\">Nach dem Z\u00fcgeln gibt es jetzt auch eine neue Blogkategorie. Ich bin n\u00e4mlich gespannt auf eure eigenen Lieblingsbilder!<\/p>\n\n\n\n<p style=\"text-align:left\">Schickt mir euer Bild per Mail an <a href=\"mailto:info@urbex-datenbank.ch\">info@urbex-datenbank.ch <\/a>mit dem Betreff &#8222;Lieblingsbild&#8220;. Wenn ihr wollt, k\u00f6nnt ihr auch eine kleine Geschichte dazu schreiben. Ich werde das dann an dieser Stelle ver\u00f6ffentlichen. Gebt bitte auch an, mit welchen pers\u00f6nlichen Angaben es\u00a0publiziert werden soll. Anonym ist nat\u00fcrlich auch m\u00f6glich.<\/p>\n\n\n\n<p style=\"text-align:left\">Ich freu mich!<\/p>\n\n\n\n<p style=\"text-align:left\">Euer Urbex Datenbank Admin<\/p>\n\n\n\n<p>PS: am besten eignen sich 16:9 Querformate&#8230;<\/p>\n\n\n\n<p><\/p>\n\n\n\n<p><\/p>\n","protected":false},"excerpt":{"rendered":"<p>Liebe UrbexerInnen Nach dem Z\u00fcgeln gibt es jetzt auch eine neue Blogkategorie. Ich bin n\u00e4mlich gespannt auf eure eigenen Lieblingsbilder! Schickt mir euer Bild per Mail an info@urbex-datenbank.ch mit dem Betreff &#8222;Lieblingsbild&#8220;. Wenn ihr wollt, k\u00f6nnt ihr auch eine kleine Geschichte dazu schreiben. Ich werde das dann an dieser Stelle ver\u00f6ffentlichen. Gebt bitte auch an, &#8230;<\/p>\n","protected":false},"author":2,"featured_media":1200,"comment_status":"open","ping_status":"open","sticky":false,"template":"","format":"standard","meta":{"jetpack_post_was_ever_published":false,"_jetpack_newsletter_access":"","_jetpack_dont_email_post_to_subs":false,"_jetpack_newsletter_tier_id":0,"_jetpack_memberships_contains_paywalled_content":false,"_jetpack_memberships_contains_paid_content":false,"footnotes":"","jetpack_publicize_message":"","jetpack_publicize_feature_enabled":true,"jetpack_social_post_already_shared":false,"jetpack_social_options":{"image_generator_settings":{"template":"highway","default_image_id":0,"font":"","enabled":false},"version":2}},"categories":[3,4,213],"tags":[5,214,211,111,112,173,174,175,176,177,210],"class_list":["post-1491","post","type-post","status-publish","format-standard","has-post-thumbnail","hentry","category-blog-ausland","category-blog-schweiz","category-lieblingsbilder","tag-urban-exploring","tag-lieblingsbilder","tag-lost","tag-lost-place","tag-lost-places","tag-urban-decay","tag-urban-exploration","tag-urban-explorer","tag-urbandecay","tag-urbex","tag-urbex-datenbank"],"jetpack_publicize_connections":[],"jetpack_featured_media_url":"https:\/\/i0.wp.com\/urbex-datenbank.ch\/urbex\/wp-content\/uploads\/2018\/12\/Titelbild-breit.jpg?fit=3262%2C1835&ssl=1","jetpack_sharing_enabled":true,"jetpack_shortlink":"https:\/\/wp.me\/paAVVs-o3","jetpack-related-posts":[{"id":1944,"url":"https:\/\/urbex-datenbank.ch\/urbex\/2019\/05\/04\/allgemeiner-hinweis-wegweiser\/","url_meta":{"origin":1491,"position":0},"title":"Allgemeiner Hinweis: Wegweiser","author":"Admin","date":"Mai 4, 2019","format":false,"excerpt":"Liebe UrbexerInnen. Ich hoffe, ihr geniesst das Wochenende... vielleicht sogar mit einer kleinen Urbex-Tour ?? Vielen Dank f\u00fcr euer Mitmachen hier... f\u00fcr eure Orte, Fotos und Videos, R\u00fcckmeldungen und Hinweise. Es ist sch\u00f6n zu sehen, dass Urbex auch auf diese Weise funktionieren kann. Viele Kommentare beziehen sich auch darauf, wie\u2026","rel":"","context":"In &quot;Texte&quot;","block_context":{"text":"Texte","link":"https:\/\/urbex-datenbank.ch\/urbex\/category\/texte\/"},"img":{"alt_text":"","src":"https:\/\/i0.wp.com\/urbex-datenbank.ch\/urbex\/wp-content\/uploads\/2018\/12\/Titelbild-breit.jpg?fit=1200%2C675&ssl=1&resize=350%2C200","width":350,"height":200,"srcset":"https:\/\/i0.wp.com\/urbex-datenbank.ch\/urbex\/wp-content\/uploads\/2018\/12\/Titelbild-breit.jpg?fit=1200%2C675&ssl=1&resize=350%2C200 1x, https:\/\/i0.wp.com\/urbex-datenbank.ch\/urbex\/wp-content\/uploads\/2018\/12\/Titelbild-breit.jpg?fit=1200%2C675&ssl=1&resize=525%2C300 1.5x, https:\/\/i0.wp.com\/urbex-datenbank.ch\/urbex\/wp-content\/uploads\/2018\/12\/Titelbild-breit.jpg?fit=1200%2C675&ssl=1&resize=700%2C400 2x, https:\/\/i0.wp.com\/urbex-datenbank.ch\/urbex\/wp-content\/uploads\/2018\/12\/Titelbild-breit.jpg?fit=1200%2C675&ssl=1&resize=1050%2C600 3x"},"classes":[]},{"id":1528,"url":"https:\/\/urbex-datenbank.ch\/urbex\/2018\/12\/18\/lieblingsbild\/","url_meta":{"origin":1491,"position":1},"title":"Lieblingsbild","author":"Admin","date":"Dezember 18, 2018","format":false,"excerpt":"von Stefan","rel":"","context":"In &quot;Lieblingsbilder&quot;","block_context":{"text":"Lieblingsbilder","link":"https:\/\/urbex-datenbank.ch\/urbex\/category\/lieblingsbilder\/"},"img":{"alt_text":"","src":"https:\/\/i0.wp.com\/urbex-datenbank.ch\/urbex\/wp-content\/uploads\/2018\/12\/Lieblingsbild-Stefan.jpg?fit=1200%2C675&ssl=1&resize=350%2C200","width":350,"height":200,"srcset":"https:\/\/i0.wp.com\/urbex-datenbank.ch\/urbex\/wp-content\/uploads\/2018\/12\/Lieblingsbild-Stefan.jpg?fit=1200%2C675&ssl=1&resize=350%2C200 1x, https:\/\/i0.wp.com\/urbex-datenbank.ch\/urbex\/wp-content\/uploads\/2018\/12\/Lieblingsbild-Stefan.jpg?fit=1200%2C675&ssl=1&resize=525%2C300 1.5x, https:\/\/i0.wp.com\/urbex-datenbank.ch\/urbex\/wp-content\/uploads\/2018\/12\/Lieblingsbild-Stefan.jpg?fit=1200%2C675&ssl=1&resize=700%2C400 2x, https:\/\/i0.wp.com\/urbex-datenbank.ch\/urbex\/wp-content\/uploads\/2018\/12\/Lieblingsbild-Stefan.jpg?fit=1200%2C675&ssl=1&resize=1050%2C600 3x"},"classes":[]},{"id":1552,"url":"https:\/\/urbex-datenbank.ch\/urbex\/2018\/12\/25\/lieblingsbild-6\/","url_meta":{"origin":1491,"position":2},"title":"Lieblingsbild","author":"Admin","date":"Dezember 25, 2018","format":false,"excerpt":"von #janis__buergisser_photo \"Keller vom Pensionat La Chassotte in Fribourg\"","rel":"","context":"In &quot;Lieblingsbilder&quot;","block_context":{"text":"Lieblingsbilder","link":"https:\/\/urbex-datenbank.ch\/urbex\/category\/lieblingsbilder\/"},"img":{"alt_text":"","src":"https:\/\/i0.wp.com\/urbex-datenbank.ch\/urbex\/wp-content\/uploads\/2018\/12\/IMG-20181225-WA0010.jpg?fit=1200%2C800&ssl=1&resize=350%2C200","width":350,"height":200,"srcset":"https:\/\/i0.wp.com\/urbex-datenbank.ch\/urbex\/wp-content\/uploads\/2018\/12\/IMG-20181225-WA0010.jpg?fit=1200%2C800&ssl=1&resize=350%2C200 1x, https:\/\/i0.wp.com\/urbex-datenbank.ch\/urbex\/wp-content\/uploads\/2018\/12\/IMG-20181225-WA0010.jpg?fit=1200%2C800&ssl=1&resize=525%2C300 1.5x, https:\/\/i0.wp.com\/urbex-datenbank.ch\/urbex\/wp-content\/uploads\/2018\/12\/IMG-20181225-WA0010.jpg?fit=1200%2C800&ssl=1&resize=700%2C400 2x, https:\/\/i0.wp.com\/urbex-datenbank.ch\/urbex\/wp-content\/uploads\/2018\/12\/IMG-20181225-WA0010.jpg?fit=1200%2C800&ssl=1&resize=1050%2C600 3x"},"classes":[]},{"id":1578,"url":"https:\/\/urbex-datenbank.ch\/urbex\/2018\/12\/28\/lieblingsbild-7\/","url_meta":{"origin":1491,"position":3},"title":"Lieblingsbild","author":"Admin","date":"Dezember 28, 2018","format":false,"excerpt":"von Alfred","rel":"","context":"In &quot;Lieblingsbilder&quot;","block_context":{"text":"Lieblingsbilder","link":"https:\/\/urbex-datenbank.ch\/urbex\/category\/lieblingsbilder\/"},"img":{"alt_text":"","src":"https:\/\/i0.wp.com\/urbex-datenbank.ch\/urbex\/wp-content\/uploads\/2018\/12\/best-003.jpg?fit=1200%2C675&ssl=1&resize=350%2C200","width":350,"height":200,"srcset":"https:\/\/i0.wp.com\/urbex-datenbank.ch\/urbex\/wp-content\/uploads\/2018\/12\/best-003.jpg?fit=1200%2C675&ssl=1&resize=350%2C200 1x, https:\/\/i0.wp.com\/urbex-datenbank.ch\/urbex\/wp-content\/uploads\/2018\/12\/best-003.jpg?fit=1200%2C675&ssl=1&resize=525%2C300 1.5x, https:\/\/i0.wp.com\/urbex-datenbank.ch\/urbex\/wp-content\/uploads\/2018\/12\/best-003.jpg?fit=1200%2C675&ssl=1&resize=700%2C400 2x, https:\/\/i0.wp.com\/urbex-datenbank.ch\/urbex\/wp-content\/uploads\/2018\/12\/best-003.jpg?fit=1200%2C675&ssl=1&resize=1050%2C600 3x"},"classes":[]},{"id":2335,"url":"https:\/\/urbex-datenbank.ch\/urbex\/2019\/11\/11\/allgemeiner-hinweis-danke\/","url_meta":{"origin":1491,"position":4},"title":"Allgemeiner Hinweis: DANKE","author":"Admin","date":"November 11, 2019","format":false,"excerpt":"Liebe UrbexerInnen. Ich dachte gerade, es w\u00e4re wieder Mal Zeit, mich bei euch allen f\u00fcr das tolle Engagement zu bedanken. Dank euren Hinweisen zu neuen Locations, Erfahrungsberichten in den Kommentaren, Bildern, Nachrichten und dank eurem Interesse bleibt die Datenbank lebendig. MERCI! Ich hoffe, ihr habt auch weiterhin Spass am Erkunden\u2026","rel":"","context":"In &quot;Texte&quot;","block_context":{"text":"Texte","link":"https:\/\/urbex-datenbank.ch\/urbex\/category\/texte\/"},"img":{"alt_text":"","src":"https:\/\/i0.wp.com\/urbex-datenbank.ch\/urbex\/wp-content\/uploads\/2018\/12\/Titelbild-breit.jpg?fit=1200%2C675&ssl=1&resize=350%2C200","width":350,"height":200,"srcset":"https:\/\/i0.wp.com\/urbex-datenbank.ch\/urbex\/wp-content\/uploads\/2018\/12\/Titelbild-breit.jpg?fit=1200%2C675&ssl=1&resize=350%2C200 1x, https:\/\/i0.wp.com\/urbex-datenbank.ch\/urbex\/wp-content\/uploads\/2018\/12\/Titelbild-breit.jpg?fit=1200%2C675&ssl=1&resize=525%2C300 1.5x, https:\/\/i0.wp.com\/urbex-datenbank.ch\/urbex\/wp-content\/uploads\/2018\/12\/Titelbild-breit.jpg?fit=1200%2C675&ssl=1&resize=700%2C400 2x, https:\/\/i0.wp.com\/urbex-datenbank.ch\/urbex\/wp-content\/uploads\/2018\/12\/Titelbild-breit.jpg?fit=1200%2C675&ssl=1&resize=1050%2C600 3x"},"classes":[]},{"id":1825,"url":"https:\/\/urbex-datenbank.ch\/urbex\/2019\/03\/31\/lieblingsbild-10\/","url_meta":{"origin":1491,"position":5},"title":"Lieblingsbild","author":"Admin","date":"M\u00e4rz 31, 2019","format":false,"excerpt":"von #damian_petschen \"Hunters Hotel\"","rel":"","context":"In &quot;Lieblingsbilder&quot;","block_context":{"text":"Lieblingsbilder","link":"https:\/\/urbex-datenbank.ch\/urbex\/category\/lieblingsbilder\/"},"img":{"alt_text":"","src":"https:\/\/i0.wp.com\/urbex-datenbank.ch\/urbex\/wp-content\/uploads\/2019\/03\/IMG_20190331_220115.png?fit=1200%2C676&ssl=1&resize=350%2C200","width":350,"height":200,"srcset":"https:\/\/i0.wp.com\/urbex-datenbank.ch\/urbex\/wp-content\/uploads\/2019\/03\/IMG_20190331_220115.png?fit=1200%2C676&ssl=1&resize=350%2C200 1x, https:\/\/i0.wp.com\/urbex-datenbank.ch\/urbex\/wp-content\/uploads\/2019\/03\/IMG_20190331_220115.png?fit=1200%2C676&ssl=1&resize=525%2C300 1.5x, https:\/\/i0.wp.com\/urbex-datenbank.ch\/urbex\/wp-content\/uploads\/2019\/03\/IMG_20190331_220115.png?fit=1200%2C676&ssl=1&resize=700%2C400 2x, https:\/\/i0.wp.com\/urbex-datenbank.ch\/urbex\/wp-content\/uploads\/2019\/03\/IMG_20190331_220115.png?fit=1200%2C676&ssl=1&resize=1050%2C600 3x"},"classes":[]}],"_links":{"self":[{"href":"https:\/\/urbex-datenbank.ch\/urbex\/wp-json\/wp\/v2\/posts\/1491","targetHints":{"allow":["GET"]}}],"collection":[{"href":"https:\/\/urbex-datenbank.ch\/urbex\/wp-json\/wp\/v2\/posts"}],"about":[{"href":"https:\/\/urbex-datenbank.ch\/urbex\/wp-json\/wp\/v2\/types\/post"}],"author":[{"embeddable":true,"href":"https:\/\/urbex-datenbank.ch\/urbex\/wp-json\/wp\/v2\/users\/2"}],"replies":[{"embeddable":true,"href":"https:\/\/urbex-datenbank.ch\/urbex\/wp-json\/wp\/v2\/comments?post=1491"}],"version-history":[{"count":8,"href":"https:\/\/urbex-datenbank.ch\/urbex\/wp-json\/wp\/v2\/posts\/1491\/revisions"}],"predecessor-version":[{"id":1543,"href":"https:\/\/urbex-datenbank.ch\/urbex\/wp-json\/wp\/v2\/posts\/1491\/revisions\/1543"}],"wp:featuredmedia":[{"embeddable":true,"href":"https:\/\/urbex-datenbank.ch\/urbex\/wp-json\/wp\/v2\/media\/1200"}],"wp:attachment":[{"href":"https:\/\/urbex-datenbank.ch\/urbex\/wp-json\/wp\/v2\/media?parent=1491"}],"wp:term":[{"taxonomy":"category","embeddable":true,"href":"https:\/\/urbex-datenbank.ch\/urbex\/wp-json\/wp\/v2\/categories?post=1491"},{"taxonomy":"post_tag","embeddable":true,"href":"https:\/\/urbex-datenbank.ch\/urbex\/wp-json\/wp\/v2\/tags?post=1491"}],"curies":[{"name":"wp","href":"https:\/\/api.w.org\/{rel}","templated":true}]}}